{"id":9360,"date":"2023-02-21T21:19:22","date_gmt":"2023-02-22T03:19:22","guid":{"rendered":"https:\/\/puenteinformativo.info\/?p=9360"},"modified":"2023-02-21T21:39:45","modified_gmt":"2023-02-22T03:39:45","slug":"tamaulipas-anfitrion-del-encuentro-cocineras-tradicionales","status":"publish","type":"post","link":"https:\/\/puenteinformativo.info\/index.php\/2023\/02\/21\/tamaulipas-anfitrion-del-encuentro-cocineras-tradicionales\/","title":{"rendered":"Tamaulipas anfitri\u00f3n del encuentro \u201cCocineras Tradicionales\u201d"},"content":{"rendered":"\n<p>El evento nacional es una forma de promover y preservar la gran tradici\u00f3n gastron\u00f3mica de nuestro Estado<\/p>\n\n\n\n<p>PUENTE INFORMATIVO\/Cd Victoria<\/p>\n\n\n\n<p>La subsecretaria de Desarrollo y Promoci\u00f3n Tur\u00edstica del gobierno del Estado, Ver\u00f3nica Loredo Hern\u00e1ndez y la directora de \u2018M\u00e9xico Explosi\u00f3n de Sabores\u2019, Lucero Garc\u00eda Wella, se reunieron en ciudad Victoria para continuar con la organizaci\u00f3n del encuentro nacional \u201cCocineras Tradicionales\u201d, un evento que tiene como prop\u00f3sito impulsar y preservar la cocina tradicional del estado.<\/p>\n\n\n\n<p>\u201cCocineras Tradicionales\u201d, tiene la finalidad de preservar la identidad gastron\u00f3mica de cada entidad, con la presentaci\u00f3n de platillos y recetas que han sido adoptadas por varias generaciones, elaboradas por mujeres de todo el pa\u00eds, siendo Tamaulipas el anfitri\u00f3n de dicho evento, el pr\u00f3ximo mes de noviembre.<\/p>\n\n\n\n<p>Ver\u00f3nica Loredo, en representaci\u00f3n del secretario de Turismo en Tamaulipas, Benjam\u00edn Hern\u00e1ndez Rodr\u00edguez, destac\u00f3 que la intenci\u00f3n del gobernador Am\u00e9rico Villarreal Anaya, consiste en crear estrategias de apoyo a los prestadores de servicios, y es a trav\u00e9s de eventos culinarios que esta dependencia estatal fortalecer\u00e1 la gastronom\u00eda tradicional, generando recursos, certificaciones para los trabajadores de la buena cocina, as\u00ed como tambi\u00e9n brindando capacitaciones para que puedan darle un valor agregado a su trabajo.<\/p>\n\n\n\n<p>En este primer encuentro, se llev\u00f3 cabo un reconocimiento de las instalaciones del Polyforum y Recinto Ferial, donde se pretende celebrar este importante evento gastron\u00f3mico, los d\u00edas 28 y 29 de noviembre.<\/p>\n\n\n\n<p>Manuel Alejandro Nava Estrada, director de Turismo de Reuniones y Salud indic\u00f3 adem\u00e1s, que se trabajar\u00e1 conjuntamente con la organizaci\u00f3n \u2018M\u00e9xico Explosi\u00f3n de Sabores\u2019, para darle un realce al tema gastron\u00f3mico, gestionando en conjunto, el reconocimiento al D\u00eda Internacional del Cocinero, proponiendo tambi\u00e9n en la reuni\u00f3n, la creaci\u00f3n de un Museo de Arte Culinario donde se pueda exhibir la historia de la buena cocina tradicional tamaulipeca.<\/p>\n\n\n\n<p>Tambi\u00e9n estuvieron presentes en esta reuni\u00f3n, Rafael Garc\u00eda, presidente de Fundaci\u00f3n Universal Tercer Milenio; Israel Fuentes Cuiris, l\u00edder Nacional de las y los Cocineros Tradicionales; Magnolia L\u00f3pez Sevilla, responsable del Polyforum Victoria y Karime C\u00e1mara Cha\u00edn, jefa del Departamento de Turismo de Negocios<\/p>\n","protected":false},"excerpt":{"rendered":"<p>El evento nacional es una forma de promover y preservar la gran tradici\u00f3n gastron\u00f3mica de nuestro Estado PUENTE INFORMATIVO\/Cd Victoria La subsecretaria de Desarrollo y Promoci\u00f3n Tur\u00edstica del gobierno del Estado, Ver\u00f3nica Loredo Hern\u00e1ndez y la directora de \u2018M\u00e9xico Explosi\u00f3n de Sabores\u2019, Lucero Garc\u00eda Wella, se reunieron en ciudad Victoria para continuar con la organizaci\u00f3n [&hellip;]<\/p>\n","protected":false},"author":3,"featured_media":9361,"comment_status":"closed","ping_status":"closed","sticky":false,"template":"","format":"standard","meta":{"om_disable_all_campaigns":false,"_monsterinsights_skip_tracking":false,"_monsterinsights_sitenote_active":false,"_monsterinsights_sitenote_note":"","_monsterinsights_sitenote_category":0,"footnotes":""},"categories":[24],"tags":[],"aioseo_notices":[],"blog_post_layout_featured_media_urls":{"thumbnail":["https:\/\/puenteinformativo.info\/wp-content\/uploads\/2023\/02\/STU-002-2023.-Tamaulipas-anfitrion-del-encuentro-Cocineras-Tradicionales-1-150x150.jpeg",150,150,true],"full":["https:\/\/puenteinformativo.info\/wp-content\/uploads\/2023\/02\/STU-002-2023.-Tamaulipas-anfitrion-del-encuentro-Cocineras-Tradicionales-1.jpeg",1280,960,false]},"categories_names":{"24":{"name":"TAMAULIPAS","link":"https:\/\/puenteinformativo.info\/index.php\/category\/tamaulipas\/"}},"tags_names":[],"comments_number":"0","wpmagazine_modules_lite_featured_media_urls":{"thumbnail":["https:\/\/puenteinformativo.info\/wp-content\/uploads\/2023\/02\/STU-002-2023.-Tamaulipas-anfitrion-del-encuentro-Cocineras-Tradicionales-1-150x150.jpeg",150,150,true],"cvmm-medium":["https:\/\/puenteinformativo.info\/wp-content\/uploads\/2023\/02\/STU-002-2023.-Tamaulipas-anfitrion-del-encuentro-Cocineras-Tradicionales-1-300x300.jpeg",300,300,true],"cvmm-medium-plus":["https:\/\/puenteinformativo.info\/wp-content\/uploads\/2023\/02\/STU-002-2023.-Tamaulipas-anfitrion-del-encuentro-Cocineras-Tradicionales-1-305x207.jpeg",305,207,true],"cvmm-portrait":["https:\/\/puenteinformativo.info\/wp-content\/uploads\/2023\/02\/STU-002-2023.-Tamaulipas-anfitrion-del-encuentro-Cocineras-Tradicionales-1-400x600.jpeg",400,600,true],"cvmm-medium-square":["https:\/\/puenteinformativo.info\/wp-content\/uploads\/2023\/02\/STU-002-2023.-Tamaulipas-anfitrion-del-encuentro-Cocineras-Tradicionales-1-600x600.jpeg",600,600,true],"cvmm-large":["https:\/\/puenteinformativo.info\/wp-content\/uploads\/2023\/02\/STU-002-2023.-Tamaulipas-anfitrion-del-encuentro-Cocineras-Tradicionales-1-1024x960.jpeg",1024,960,true],"cvmm-small":["https:\/\/puenteinformativo.info\/wp-content\/uploads\/2023\/02\/STU-002-2023.-Tamaulipas-anfitrion-del-encuentro-Cocineras-Tradicionales-1-130x95.jpeg",130,95,true],"full":["https:\/\/puenteinformativo.info\/wp-content\/uploads\/2023\/02\/STU-002-2023.-Tamaulipas-anfitrion-del-encuentro-Cocineras-Tradicionales-1.jpeg",1280,960,false]},"_links":{"self":[{"href":"https:\/\/puenteinformativo.info\/index.php\/wp-json\/wp\/v2\/posts\/9360"}],"collection":[{"href":"https:\/\/puenteinformativo.info\/index.php\/wp-json\/wp\/v2\/posts"}],"about":[{"href":"https:\/\/puenteinformativo.info\/index.php\/wp-json\/wp\/v2\/types\/post"}],"author":[{"embeddable":true,"href":"https:\/\/puenteinformativo.info\/index.php\/wp-json\/wp\/v2\/users\/3"}],"replies":[{"embeddable":true,"href":"https:\/\/puenteinformativo.info\/index.php\/wp-json\/wp\/v2\/comments?post=9360"}],"version-history":[{"count":1,"href":"https:\/\/puenteinformativo.info\/index.php\/wp-json\/wp\/v2\/posts\/9360\/revisions"}],"predecessor-version":[{"id":9362,"href":"https:\/\/puenteinformativo.info\/index.php\/wp-json\/wp\/v2\/posts\/9360\/revisions\/9362"}],"wp:featuredmedia":[{"embeddable":true,"href":"https:\/\/puenteinformativo.info\/index.php\/wp-json\/wp\/v2\/media\/9361"}],"wp:attachment":[{"href":"https:\/\/puenteinformativo.info\/index.php\/wp-json\/wp\/v2\/media?parent=9360"}],"wp:term":[{"taxonomy":"category","embeddable":true,"href":"https:\/\/puenteinformativo.info\/index.php\/wp-json\/wp\/v2\/categories?post=9360"},{"taxonomy":"post_tag","embeddable":true,"href":"https:\/\/puenteinformativo.info\/index.php\/wp-json\/wp\/v2\/tags?post=9360"}],"curies":[{"name":"wp","href":"https:\/\/api.w.org\/{rel}","templated":true}]}}