{"id":7904,"date":"2022-12-07T22:57:00","date_gmt":"2022-12-08T04:57:00","guid":{"rendered":"https:\/\/puenteinformativo.info\/?p=7904"},"modified":"2022-12-08T23:01:24","modified_gmt":"2022-12-09T05:01:24","slug":"asistieron-mas-de-5000-personas-a-la-navidad-en-reynosa","status":"publish","type":"post","link":"https:\/\/puenteinformativo.info\/index.php\/2022\/12\/07\/asistieron-mas-de-5000-personas-a-la-navidad-en-reynosa\/","title":{"rendered":"Asistieron m\u00e1s de 5,000 personas a la Navidad en Reynosa"},"content":{"rendered":"\n<p>El Alcalde Carlos Pe\u00f1a Ortiz encendi\u00f3 el Pino monumental e inaugur\u00f3 la Pista de Hielo<\/p>\n\n\n\n<p>PUENTE INFORMATIVO\/Reynosa<\/p>\n\n\n\n<p>Con intermitentes brillos multicolor el esp\u00edritu de la Navidad nuevamente destell\u00f3 su luz en Reynosa promoviendo la fe y la esperanza, este martes 6 de diciembre en que el Alcalde, Carlos Pe\u00f1a Ortiz, encendi\u00f3 el Pino de la plaza principal para dar inicio a las fiestas de diciembre, acompa\u00f1ado por m\u00e1s de 5,000 reynosenses.<\/p>\n\n\n\n<p>\u201cEl d\u00eda de hoy estamos encendiendo esta luz de esperanza, que espero que llegue a todos los hogares de las familias en la ciudad; esta es la \u00e9poca m\u00e1s bonita del a\u00f1o\u201d, dijo el Presidente Municipal, acompa\u00f1ado por el Presidente del Patronato del DIF-Reynosa, Carlos Luis Pe\u00f1a Garza, y la Directora Oralia Cant\u00fa Cant\u00fa.<\/p>\n\n\n\n<p>En compa\u00f1\u00eda de Fray Humberto R\u00edos Cano, Vicario Episcopal de la Di\u00f3cesis de Matamoros; por el Pastor Manuel Rodr\u00edguez Milan\u00e9s, de la Iglesia Emmanuel; el Alcalde recalc\u00f3: \u201cLes deseo mucho amor, mucha paz y sobre todo mucha salud, enhorabuena para todos los hogares\u201d.<\/p>\n\n\n\n<p>La Navidad en Reynosa fue enmarcada con la presencia de los miles de ni\u00f1os, j\u00f3venes y adultos que acompa\u00f1aron a Carlos Pe\u00f1a Ortiz en el Encendido del Pino e Inauguraci\u00f3n de la Pista de Hielo, espect\u00e1culo al que asistieron: el Coronel de Caballer\u00eda DEM, Luis Eduardo Adell Mendoza, Comandante del 19o Regimiento de Caballer\u00eda Motorizado; Humberto Rodrigo Herrera Lara, Delegado Regional de la Guardia Estatal; Abel Ram\u00edrez Gonzalez, Fiscal de Distrito, y Ernesto Cuitl\u00e1huc V\u00e1zquez Reyna, encargado de la FGR en Tamaulipas.<\/p>\n\n\n\n<p>Invitados tambi\u00e9n, el Diputado Local Ovidio Garc\u00eda Garc\u00eda; los integrantes del Cabildo local; Secretarios, Directores y Coordinadores del Gobierno Municipal convivieron con los asistentes a la Navidad en Reynosa 2022 donde todos pudieron disfrutar de las interpretaciones de los alumnos del IRCA y el show especial sobre la Pista de Hielo.<\/p>\n","protected":false},"excerpt":{"rendered":"<p>El Alcalde Carlos Pe\u00f1a Ortiz encendi\u00f3 el Pino monumental e inaugur\u00f3 la Pista de Hielo PUENTE INFORMATIVO\/Reynosa Con intermitentes brillos multicolor el esp\u00edritu de la Navidad nuevamente destell\u00f3 su luz en Reynosa promoviendo la fe y la esperanza, este martes 6 de diciembre en que el Alcalde, Carlos Pe\u00f1a Ortiz, encendi\u00f3 el Pino de la [&hellip;]<\/p>\n","protected":false},"author":3,"featured_media":7905,"comment_status":"closed","ping_status":"closed","sticky":false,"template":"","format":"standard","meta":{"om_disable_all_campaigns":false,"_monsterinsights_skip_tracking":false,"_monsterinsights_sitenote_active":false,"_monsterinsights_sitenote_note":"","_monsterinsights_sitenote_category":0,"footnotes":""},"categories":[24],"tags":[],"aioseo_notices":[],"blog_post_layout_featured_media_urls":{"thumbnail":["https:\/\/puenteinformativo.info\/wp-content\/uploads\/2022\/12\/14encendido-pino-pista-hielo-2022-150x150.jpeg",150,150,true],"full":["https:\/\/puenteinformativo.info\/wp-content\/uploads\/2022\/12\/14encendido-pino-pista-hielo-2022.jpeg",2048,1152,false]},"categories_names":{"24":{"name":"TAMAULIPAS","link":"https:\/\/puenteinformativo.info\/index.php\/category\/tamaulipas\/"}},"tags_names":[],"comments_number":"0","wpmagazine_modules_lite_featured_media_urls":{"thumbnail":["https:\/\/puenteinformativo.info\/wp-content\/uploads\/2022\/12\/14encendido-pino-pista-hielo-2022-150x150.jpeg",150,150,true],"cvmm-medium":["https:\/\/puenteinformativo.info\/wp-content\/uploads\/2022\/12\/14encendido-pino-pista-hielo-2022-300x300.jpeg",300,300,true],"cvmm-medium-plus":["https:\/\/puenteinformativo.info\/wp-content\/uploads\/2022\/12\/14encendido-pino-pista-hielo-2022-305x207.jpeg",305,207,true],"cvmm-portrait":["https:\/\/puenteinformativo.info\/wp-content\/uploads\/2022\/12\/14encendido-pino-pista-hielo-2022-400x600.jpeg",400,600,true],"cvmm-medium-square":["https:\/\/puenteinformativo.info\/wp-content\/uploads\/2022\/12\/14encendido-pino-pista-hielo-2022-600x600.jpeg",600,600,true],"cvmm-large":["https:\/\/puenteinformativo.info\/wp-content\/uploads\/2022\/12\/14encendido-pino-pista-hielo-2022-1024x1024.jpeg",1024,1024,true],"cvmm-small":["https:\/\/puenteinformativo.info\/wp-content\/uploads\/2022\/12\/14encendido-pino-pista-hielo-2022-130x95.jpeg",130,95,true],"full":["https:\/\/puenteinformativo.info\/wp-content\/uploads\/2022\/12\/14encendido-pino-pista-hielo-2022.jpeg",2048,1152,false]},"_links":{"self":[{"href":"https:\/\/puenteinformativo.info\/index.php\/wp-json\/wp\/v2\/posts\/7904"}],"collection":[{"href":"https:\/\/puenteinformativo.info\/index.php\/wp-json\/wp\/v2\/posts"}],"about":[{"href":"https:\/\/puenteinformativo.info\/index.php\/wp-json\/wp\/v2\/types\/post"}],"author":[{"embeddable":true,"href":"https:\/\/puenteinformativo.info\/index.php\/wp-json\/wp\/v2\/users\/3"}],"replies":[{"embeddable":true,"href":"https:\/\/puenteinformativo.info\/index.php\/wp-json\/wp\/v2\/comments?post=7904"}],"version-history":[{"count":1,"href":"https:\/\/puenteinformativo.info\/index.php\/wp-json\/wp\/v2\/posts\/7904\/revisions"}],"predecessor-version":[{"id":7906,"href":"https:\/\/puenteinformativo.info\/index.php\/wp-json\/wp\/v2\/posts\/7904\/revisions\/7906"}],"wp:featuredmedia":[{"embeddable":true,"href":"https:\/\/puenteinformativo.info\/index.php\/wp-json\/wp\/v2\/media\/7905"}],"wp:attachment":[{"href":"https:\/\/puenteinformativo.info\/index.php\/wp-json\/wp\/v2\/media?parent=7904"}],"wp:term":[{"taxonomy":"category","embeddable":true,"href":"https:\/\/puenteinformativo.info\/index.php\/wp-json\/wp\/v2\/categories?post=7904"},{"taxonomy":"post_tag","embeddable":true,"href":"https:\/\/puenteinformativo.info\/index.php\/wp-json\/wp\/v2\/tags?post=7904"}],"curies":[{"name":"wp","href":"https:\/\/api.w.org\/{rel}","templated":true}]}}