{"id":7758,"date":"2022-12-07T13:11:37","date_gmt":"2022-12-07T19:11:37","guid":{"rendered":"https:\/\/puenteinformativo.info\/?p=7758"},"modified":"2022-12-07T13:13:12","modified_gmt":"2022-12-07T19:13:12","slug":"se-suma-set-al-plan-de-apoyo-a-la-region-centro-invertira-47-millones-de-pesos-en-infraestructura-educativa","status":"publish","type":"post","link":"https:\/\/puenteinformativo.info\/index.php\/2022\/12\/07\/se-suma-set-al-plan-de-apoyo-a-la-region-centro-invertira-47-millones-de-pesos-en-infraestructura-educativa\/","title":{"rendered":"Se suma SET al plan de apoyo a la regi\u00f3n centro; invertir\u00e1 47 millones de pesos en infraestructura educativa"},"content":{"rendered":"\n<p>Se pretende disminuir y erradicar el abandono escolar, estableciendo mecanismos para buscar a las ni\u00f1as, ni\u00f1os y j\u00f3venes, hablar con sus padres y lograr el retorno escolar<\/p>\n\n\n\n<p>PUENTE INFORMATIVO\/Cd Victoria<\/p>\n\n\n\n<p>En el marco de la presentaci\u00f3n de Plan de Apoyo a la Regi\u00f3n Centro, encabezada por el gobernador de Tamaulipas Am\u00e9rico Villarreal Anaya, la Secretar\u00eda de Educaci\u00f3n anunci\u00f3 la inversi\u00f3n de m\u00e1s de 47 millones de pesos, orientados a centros escolares de los tres niveles educativos en los 7 municipios de la regi\u00f3n.<\/p>\n\n\n\n<p>Luc\u00eda Aim\u00e9 Castillo Pastor, afirm\u00f3 que los retos para esta regi\u00f3n, son ampliar la cobertura y mejorar los indicadores en el nivel de educaci\u00f3n media superior y avanzar en la rehabilitaci\u00f3n de espacios educativos.<\/p>\n\n\n\n<p>La titular de la SET, reafirm\u00f3 el compromiso de apoyar en la formaci\u00f3n de maestros y maestras de la regi\u00f3n, mediante talleres que mejoren la atenci\u00f3n inclusiva y fortalezcan la incorporaci\u00f3n de la atenci\u00f3n integral de los problemas socioemocionales, que vive la comunidad educativa de la zona.<\/p>\n\n\n\n<p>&#8220;Esta es una regi\u00f3n con vocaci\u00f3n educativa. Necesitamos fortalecer las capacidades de maestras y maestros, a trav\u00e9s de un programa de formaci\u00f3n continua y actualizaci\u00f3n docente. Y una reflexi\u00f3n, de la mano con el sector productivo y la academia, sobre los programas educativos de media superior y superior que requiere esta regi\u00f3n en el presente y en el mediano plazo&#8221;, se\u00f1al\u00f3 Castillo Pastor.<\/p>\n\n\n\n<p>Con el programa &#8216;En Tamaulipas tu escuela te espera&#8217;, Luc\u00eda Aim\u00e9 Castillo, explic\u00f3 que se pretende disminuir y erradicar el abandono escolar, estableciendo mecanismos para buscar a las ni\u00f1as, ni\u00f1os y j\u00f3venes, hablar con sus padres y lograr el retorno escolar.<\/p>\n\n\n\n<p>Tambi\u00e9n, se dio a conocer la firma de un convenio de colaboraci\u00f3n con el Instituto Nacional para la Educaci\u00f3n de los Adultos, que tiene como objetivo, incorporar a j\u00f3venes prestadores de servicio social a que funjan como asesores y promotores para captar tamaulipecas y tamaulipecos que no concluyeron sus estudios de nivel b\u00e1sico, con la finalidad de abatir el analfabetismo en la regi\u00f3n.<\/p>\n\n\n\n<p>Para esta regi\u00f3n se cuentan con 5 Centros Regionales; Hidalgo, que presta servicios a Mainero y Villagr\u00e1n; Padilla, que cubre a San Carlos y San Nicol\u00e1s; Jim\u00e9nez, que atiende al municipio de Abasolo; Soto la Marina y el de Victoria, que atiende a Casas, G\u00fc\u00e9mez y Llera.<\/p>\n\n\n\n<p>Por \u00faltimo, Castillo Pastor dijo que las estrategias para estudiantes, maestros y personal educativo tienen como fin, mejorar la calidad y el servicio educativo, de manera que desde la educaci\u00f3n se contribuya a la transformaci\u00f3n de Tamaulipas.<\/p>\n","protected":false},"excerpt":{"rendered":"<p>Se pretende disminuir y erradicar el abandono escolar, estableciendo mecanismos para buscar a las ni\u00f1as, ni\u00f1os y j\u00f3venes, hablar con sus padres y lograr el retorno escolar PUENTE INFORMATIVO\/Cd Victoria En el marco de la presentaci\u00f3n de Plan de Apoyo a la Regi\u00f3n Centro, encabezada por el gobernador de Tamaulipas Am\u00e9rico Villarreal Anaya, la Secretar\u00eda [&hellip;]<\/p>\n","protected":false},"author":3,"featured_media":7759,"comment_status":"closed","ping_status":"closed","sticky":false,"template":"","format":"standard","meta":{"om_disable_all_campaigns":false,"_monsterinsights_skip_tracking":false,"_monsterinsights_sitenote_active":false,"_monsterinsights_sitenote_note":"","_monsterinsights_sitenote_category":0,"footnotes":""},"categories":[24],"tags":[],"aioseo_notices":[],"blog_post_layout_featured_media_urls":{"thumbnail":["https:\/\/puenteinformativo.info\/wp-content\/uploads\/2022\/12\/5c8f9295-8fa7-44da-8646-c7a3831bd7f0-150x150.jpg",150,150,true],"full":["https:\/\/puenteinformativo.info\/wp-content\/uploads\/2022\/12\/5c8f9295-8fa7-44da-8646-c7a3831bd7f0.jpg",1163,775,false]},"categories_names":{"24":{"name":"TAMAULIPAS","link":"https:\/\/puenteinformativo.info\/index.php\/category\/tamaulipas\/"}},"tags_names":[],"comments_number":"0","wpmagazine_modules_lite_featured_media_urls":{"thumbnail":["https:\/\/puenteinformativo.info\/wp-content\/uploads\/2022\/12\/5c8f9295-8fa7-44da-8646-c7a3831bd7f0-150x150.jpg",150,150,true],"cvmm-medium":["https:\/\/puenteinformativo.info\/wp-content\/uploads\/2022\/12\/5c8f9295-8fa7-44da-8646-c7a3831bd7f0-300x300.jpg",300,300,true],"cvmm-medium-plus":["https:\/\/puenteinformativo.info\/wp-content\/uploads\/2022\/12\/5c8f9295-8fa7-44da-8646-c7a3831bd7f0-305x207.jpg",305,207,true],"cvmm-portrait":["https:\/\/puenteinformativo.info\/wp-content\/uploads\/2022\/12\/5c8f9295-8fa7-44da-8646-c7a3831bd7f0-400x600.jpg",400,600,true],"cvmm-medium-square":["https:\/\/puenteinformativo.info\/wp-content\/uploads\/2022\/12\/5c8f9295-8fa7-44da-8646-c7a3831bd7f0-600x600.jpg",600,600,true],"cvmm-large":["https:\/\/puenteinformativo.info\/wp-content\/uploads\/2022\/12\/5c8f9295-8fa7-44da-8646-c7a3831bd7f0-1024x775.jpg",1024,775,true],"cvmm-small":["https:\/\/puenteinformativo.info\/wp-content\/uploads\/2022\/12\/5c8f9295-8fa7-44da-8646-c7a3831bd7f0-130x95.jpg",130,95,true],"full":["https:\/\/puenteinformativo.info\/wp-content\/uploads\/2022\/12\/5c8f9295-8fa7-44da-8646-c7a3831bd7f0.jpg",1163,775,false]},"_links":{"self":[{"href":"https:\/\/puenteinformativo.info\/index.php\/wp-json\/wp\/v2\/posts\/7758"}],"collection":[{"href":"https:\/\/puenteinformativo.info\/index.php\/wp-json\/wp\/v2\/posts"}],"about":[{"href":"https:\/\/puenteinformativo.info\/index.php\/wp-json\/wp\/v2\/types\/post"}],"author":[{"embeddable":true,"href":"https:\/\/puenteinformativo.info\/index.php\/wp-json\/wp\/v2\/users\/3"}],"replies":[{"embeddable":true,"href":"https:\/\/puenteinformativo.info\/index.php\/wp-json\/wp\/v2\/comments?post=7758"}],"version-history":[{"count":1,"href":"https:\/\/puenteinformativo.info\/index.php\/wp-json\/wp\/v2\/posts\/7758\/revisions"}],"predecessor-version":[{"id":7760,"href":"https:\/\/puenteinformativo.info\/index.php\/wp-json\/wp\/v2\/posts\/7758\/revisions\/7760"}],"wp:featuredmedia":[{"embeddable":true,"href":"https:\/\/puenteinformativo.info\/index.php\/wp-json\/wp\/v2\/media\/7759"}],"wp:attachment":[{"href":"https:\/\/puenteinformativo.info\/index.php\/wp-json\/wp\/v2\/media?parent=7758"}],"wp:term":[{"taxonomy":"category","embeddable":true,"href":"https:\/\/puenteinformativo.info\/index.php\/wp-json\/wp\/v2\/categories?post=7758"},{"taxonomy":"post_tag","embeddable":true,"href":"https:\/\/puenteinformativo.info\/index.php\/wp-json\/wp\/v2\/tags?post=7758"}],"curies":[{"name":"wp","href":"https:\/\/api.w.org\/{rel}","templated":true}]}}