{"id":7302,"date":"2022-11-25T17:29:11","date_gmt":"2022-11-25T23:29:11","guid":{"rendered":"https:\/\/puenteinformativo.info\/?p=7302"},"modified":"2022-11-25T17:34:39","modified_gmt":"2022-11-25T23:34:39","slug":"acuerdos-de-trasvase-de-agua-no-estan-sujetos-a-negociacion-deben-respetarse-americo","status":"publish","type":"post","link":"https:\/\/puenteinformativo.info\/index.php\/2022\/11\/25\/acuerdos-de-trasvase-de-agua-no-estan-sujetos-a-negociacion-deben-respetarse-americo\/","title":{"rendered":"Acuerdos de trasvase de agua no est\u00e1n sujetos a negociaci\u00f3n, deben respetarse: Am\u00e9rico"},"content":{"rendered":"\n<p>Reiter\u00f3 la disponibilidad de su gobierno para seguir dialogando con madurez y aportar soluciones justas, racionales y legales al desaf\u00edo del agua<\/p>\n\n\n\n<p>PUENTE INFORMATIVO\/Cd Victoria<\/p>\n\n\n\n<p>El gobernador Am\u00e9rico Villarreal Anaya afirm\u00f3 que el trasvase de agua entre Tamaulipas y Nuevo Le\u00f3n no debe ser en el futuro, un asunto de negociaci\u00f3n; \u201cel acuerdo se respeta en sus t\u00e9rminos para beneficio de ambos estados\u201d, dijo y reconoci\u00f3 que siempre ser\u00e1 mejor trabajar sobre las coincidencias y los intereses comunes.<\/p>\n\n\n<div class=\"wp-block-image\">\n<figure class=\"alignleft size-large is-resized\"><img fetchpriority=\"high\" decoding=\"async\" src=\"https:\/\/puenteinformativo.info\/wp-content\/uploads\/2022\/11\/8e47e920-4be8-4b77-b166-504bd1c21f06-1024x682.jpg\" alt=\"\" class=\"wp-image-7304\" width=\"512\" height=\"341\" srcset=\"https:\/\/puenteinformativo.info\/wp-content\/uploads\/2022\/11\/8e47e920-4be8-4b77-b166-504bd1c21f06-1024x682.jpg 1024w, https:\/\/puenteinformativo.info\/wp-content\/uploads\/2022\/11\/8e47e920-4be8-4b77-b166-504bd1c21f06-300x200.jpg 300w, https:\/\/puenteinformativo.info\/wp-content\/uploads\/2022\/11\/8e47e920-4be8-4b77-b166-504bd1c21f06-768x512.jpg 768w, https:\/\/puenteinformativo.info\/wp-content\/uploads\/2022\/11\/8e47e920-4be8-4b77-b166-504bd1c21f06.jpg 1163w\" sizes=\"(max-width: 512px) 100vw, 512px\" \/><\/figure><\/div>\n\n\n<p>Ante el secretario de Gobernaci\u00f3n, Ad\u00e1n Augusto L\u00f3pez Hern\u00e1ndez y de Juan Ignacio Barrag\u00e1n Villarreal, director general de Servicios de Agua y Drenaje de Monterrey, representante del gobernador de Nuevo Le\u00f3n, Samuel Garc\u00eda Sep\u00falveda, el gobernador Am\u00e9rico Villarreal, reiter\u00f3 la disponibilidad de su gobierno para seguir dialogando con madurez y aportar soluciones justas, racionales y legales al desaf\u00edo del agua.<\/p>\n\n\n\n<p>\u201cDesde Tamaulipas nuestro mensaje es claro, directo y solidario, seguiremos siendo en el futuro, parte importante en la soluci\u00f3n a todos los desaf\u00edos regionales. Pedimos a cambio en los dem\u00e1s, que se refleje la misma disponibilidad constructiva, que se refleja en la reciprocidad real\u201d, mencion\u00f3.<\/p>\n\n\n\n<p>En el marco del Acuerdo para garantizar el trasvase de agua entre Nuevo Le\u00f3n y Tamaulipas, realizado en Palacio de Gobierno de esta capital, indic\u00f3 que los estados deben aprender, que cuando se comparten cuencas, los acuerdos regionales son imprescindibles y deben ser de beneficio mutuo.<\/p>\n\n\n\n<p>\u201cLa importancia del acto que hoy celebramos, revela que estamos logrando un aprovechamiento justo y sostenible del agua y que todas las partes, nos circunscribimos a los t\u00e9rminos del vigente compromiso firmado en 1996, en el que se establece con claridad como se debe llevar a cabo dicho trasvase entre ambas presas y en que condiciones\u201d, manifest\u00f3.<\/p>\n\n\n<div class=\"wp-block-image\">\n<figure class=\"alignright size-large is-resized\"><img decoding=\"async\" src=\"https:\/\/puenteinformativo.info\/wp-content\/uploads\/2022\/11\/eb216a23-6e59-43b4-b9e2-b844facbb0b4-1024x682.jpg\" alt=\"\" class=\"wp-image-7305\" width=\"512\" height=\"341\" srcset=\"https:\/\/puenteinformativo.info\/wp-content\/uploads\/2022\/11\/eb216a23-6e59-43b4-b9e2-b844facbb0b4-1024x682.jpg 1024w, https:\/\/puenteinformativo.info\/wp-content\/uploads\/2022\/11\/eb216a23-6e59-43b4-b9e2-b844facbb0b4-300x200.jpg 300w, https:\/\/puenteinformativo.info\/wp-content\/uploads\/2022\/11\/eb216a23-6e59-43b4-b9e2-b844facbb0b4-768x512.jpg 768w, https:\/\/puenteinformativo.info\/wp-content\/uploads\/2022\/11\/eb216a23-6e59-43b4-b9e2-b844facbb0b4.jpg 1163w\" sizes=\"(max-width: 512px) 100vw, 512px\" \/><\/figure><\/div>\n\n\n<p>El gobernador de Tamaulipas hizo un reconocimiento al gobierno del presidente Andr\u00e9s Manuel L\u00f3pez Obrador que facilit\u00f3 el entendimiento, para transitar de manera cordial y civilizada hacia la resoluci\u00f3n de las diferencias en este asunto, lo cual, dijo, ha sido posible gracias a la participaci\u00f3n del Secretario de Gobernaci\u00f3n.<\/p>\n\n\n\n<p>\u201cEs un honor que presida en calidad de testigo, la formalizaci\u00f3n del trasvase. Su gesti\u00f3n, licenciado Ad\u00e1n Augusto L\u00f3pez Hern\u00e1ndez, ha hecho posible que hoy estemos reunidos con el mejor \u00e1nimo constructivo, para seguir trabajando y dar a\u00fan mayor fuerza a la regi\u00f3n noreste a trav\u00e9s de una integraci\u00f3n de beneficio mutuo\u201d, mencion\u00f3.<\/p>\n\n\n\n<p>Asimismo, aprovech\u00f3 el evento para agradecer al director de la Comisi\u00f3n Nacional del Agua, Germ\u00e1n Arturo Mart\u00ednez Santoyo, presente en el evento, por resolver esta situaci\u00f3n a favor de la raz\u00f3n, garantizando a ambos estados su derecho al agua.<\/p>\n\n\n\n<p>En su discurso, Villarreal Anaya lament\u00f3 que la visi\u00f3n de un modelo neoliberal de gobierno, provoc\u00f3 el desmantelamiento de la entonces Secretar\u00eda de Recursos Hidr\u00e1ulicos y el agua de ser un bien p\u00fablico, considerado de seguridad nacional, pas\u00f3 a ser objeto de privatizaciones y se convirti\u00f3 en una mercanc\u00eda accesible para quien pueda comprarla y sujeta al tr\u00e1fico de influencias de la nueva generaci\u00f3n de pol\u00edticos.<\/p>\n\n\n\n<p>\u201cSe puso por delante el privilegio a empresas nacionales y extranjeras que concentraron el control sobre las aguas nacionales\u201d, lament\u00f3.<\/p>\n\n\n<div class=\"wp-block-image\">\n<figure class=\"alignleft size-large is-resized\"><img decoding=\"async\" src=\"https:\/\/puenteinformativo.info\/wp-content\/uploads\/2022\/11\/8ebd17ca-9bbe-4d33-a318-321c62b0268b-1024x682.jpg\" alt=\"\" class=\"wp-image-7306\" width=\"512\" height=\"341\" srcset=\"https:\/\/puenteinformativo.info\/wp-content\/uploads\/2022\/11\/8ebd17ca-9bbe-4d33-a318-321c62b0268b-1024x682.jpg 1024w, https:\/\/puenteinformativo.info\/wp-content\/uploads\/2022\/11\/8ebd17ca-9bbe-4d33-a318-321c62b0268b-300x200.jpg 300w, https:\/\/puenteinformativo.info\/wp-content\/uploads\/2022\/11\/8ebd17ca-9bbe-4d33-a318-321c62b0268b-768x512.jpg 768w, https:\/\/puenteinformativo.info\/wp-content\/uploads\/2022\/11\/8ebd17ca-9bbe-4d33-a318-321c62b0268b.jpg 1163w\" sizes=\"(max-width: 512px) 100vw, 512px\" \/><\/figure><\/div>\n\n\n<p>Ante la presencia de diputados federales y locales, funcionarios federales, presidentas y presidentes municipales as\u00ed como integrantes del gabinete estatal, adem\u00e1s de representantes de los m\u00f3dulos del Distrito del Riego 026 y dirigentes de organizaciones campesinas, el jefe del Ejecutivo anunci\u00f3 que como parte del compromiso para el uso eficiente y racional del agua para Tamaulipas 2023-2028, el gobierno del Estado ha decidido escalar la actual Comisi\u00f3n Estatal del Agua para crear la Secretar\u00eda de Recursos Hidr\u00e1ulicos para el Desarrollo Social, proponiendo, adem\u00e1s, a la Conagua para incorporar la micro medici\u00f3n a trav\u00e9s de telemetr\u00eda con el fin de poner orden y control a la explotaci\u00f3n de cuencas y acu\u00edferos en la entidad.<\/p>\n\n\n\n<p>Acompa\u00f1aron al gobernador en el pres\u00eddium el diputado Erasmo Gonz\u00e1lez Robledo y el director de la Comisi\u00f3n Estatal de Agua de Tamaulipas, Ra\u00fal Quiroga \u00c1lvarez.<\/p>\n","protected":false},"excerpt":{"rendered":"<p>Reiter\u00f3 la disponibilidad de su gobierno para seguir dialogando con madurez y aportar soluciones justas, racionales y legales al desaf\u00edo del agua PUENTE INFORMATIVO\/Cd Victoria El gobernador Am\u00e9rico Villarreal Anaya afirm\u00f3 que el trasvase de agua entre Tamaulipas y Nuevo Le\u00f3n no debe ser en el futuro, un asunto de negociaci\u00f3n; \u201cel acuerdo se respeta [&hellip;]<\/p>\n","protected":false},"author":3,"featured_media":7303,"comment_status":"closed","ping_status":"closed","sticky":false,"template":"","format":"standard","meta":{"om_disable_all_campaigns":false,"_monsterinsights_skip_tracking":false,"_monsterinsights_sitenote_active":false,"_monsterinsights_sitenote_note":"","_monsterinsights_sitenote_category":0,"footnotes":""},"categories":[24],"tags":[],"aioseo_notices":[],"blog_post_layout_featured_media_urls":{"thumbnail":["https:\/\/puenteinformativo.info\/wp-content\/uploads\/2022\/11\/1bdfde9e-871e-4e59-a5e5-1460f28c24be-150x150.jpg",150,150,true],"full":["https:\/\/puenteinformativo.info\/wp-content\/uploads\/2022\/11\/1bdfde9e-871e-4e59-a5e5-1460f28c24be.jpg",1162,775,false]},"categories_names":{"24":{"name":"TAMAULIPAS","link":"https:\/\/puenteinformativo.info\/index.php\/category\/tamaulipas\/"}},"tags_names":[],"comments_number":"0","wpmagazine_modules_lite_featured_media_urls":{"thumbnail":["https:\/\/puenteinformativo.info\/wp-content\/uploads\/2022\/11\/1bdfde9e-871e-4e59-a5e5-1460f28c24be-150x150.jpg",150,150,true],"cvmm-medium":["https:\/\/puenteinformativo.info\/wp-content\/uploads\/2022\/11\/1bdfde9e-871e-4e59-a5e5-1460f28c24be-300x300.jpg",300,300,true],"cvmm-medium-plus":["https:\/\/puenteinformativo.info\/wp-content\/uploads\/2022\/11\/1bdfde9e-871e-4e59-a5e5-1460f28c24be-305x207.jpg",305,207,true],"cvmm-portrait":["https:\/\/puenteinformativo.info\/wp-content\/uploads\/2022\/11\/1bdfde9e-871e-4e59-a5e5-1460f28c24be-400x600.jpg",400,600,true],"cvmm-medium-square":["https:\/\/puenteinformativo.info\/wp-content\/uploads\/2022\/11\/1bdfde9e-871e-4e59-a5e5-1460f28c24be-600x600.jpg",600,600,true],"cvmm-large":["https:\/\/puenteinformativo.info\/wp-content\/uploads\/2022\/11\/1bdfde9e-871e-4e59-a5e5-1460f28c24be-1024x775.jpg",1024,775,true],"cvmm-small":["https:\/\/puenteinformativo.info\/wp-content\/uploads\/2022\/11\/1bdfde9e-871e-4e59-a5e5-1460f28c24be-130x95.jpg",130,95,true],"full":["https:\/\/puenteinformativo.info\/wp-content\/uploads\/2022\/11\/1bdfde9e-871e-4e59-a5e5-1460f28c24be.jpg",1162,775,false]},"_links":{"self":[{"href":"https:\/\/puenteinformativo.info\/index.php\/wp-json\/wp\/v2\/posts\/7302"}],"collection":[{"href":"https:\/\/puenteinformativo.info\/index.php\/wp-json\/wp\/v2\/posts"}],"about":[{"href":"https:\/\/puenteinformativo.info\/index.php\/wp-json\/wp\/v2\/types\/post"}],"author":[{"embeddable":true,"href":"https:\/\/puenteinformativo.info\/index.php\/wp-json\/wp\/v2\/users\/3"}],"replies":[{"embeddable":true,"href":"https:\/\/puenteinformativo.info\/index.php\/wp-json\/wp\/v2\/comments?post=7302"}],"version-history":[{"count":1,"href":"https:\/\/puenteinformativo.info\/index.php\/wp-json\/wp\/v2\/posts\/7302\/revisions"}],"predecessor-version":[{"id":7307,"href":"https:\/\/puenteinformativo.info\/index.php\/wp-json\/wp\/v2\/posts\/7302\/revisions\/7307"}],"wp:featuredmedia":[{"embeddable":true,"href":"https:\/\/puenteinformativo.info\/index.php\/wp-json\/wp\/v2\/media\/7303"}],"wp:attachment":[{"href":"https:\/\/puenteinformativo.info\/index.php\/wp-json\/wp\/v2\/media?parent=7302"}],"wp:term":[{"taxonomy":"category","embeddable":true,"href":"https:\/\/puenteinformativo.info\/index.php\/wp-json\/wp\/v2\/categories?post=7302"},{"taxonomy":"post_tag","embeddable":true,"href":"https:\/\/puenteinformativo.info\/index.php\/wp-json\/wp\/v2\/tags?post=7302"}],"curies":[{"name":"wp","href":"https:\/\/api.w.org\/{rel}","templated":true}]}}