{"id":7116,"date":"2022-11-24T16:34:21","date_gmt":"2022-11-24T22:34:21","guid":{"rendered":"https:\/\/puenteinformativo.info\/?p=7116"},"modified":"2022-11-24T16:51:22","modified_gmt":"2022-11-24T22:51:22","slug":"celebra-villas-amor-del-dif-tamaulipas-15-anos-de-trabajo-y-servicio-para-adultos-mayores","status":"publish","type":"post","link":"https:\/\/puenteinformativo.info\/index.php\/2022\/11\/24\/celebra-villas-amor-del-dif-tamaulipas-15-anos-de-trabajo-y-servicio-para-adultos-mayores\/","title":{"rendered":"Celebra Villas Amor del DIF Tamaulipas 15 a\u00f1os de trabajo y servicio para adultos mayores"},"content":{"rendered":"\n<p>Recuerdan fundadores de ese centro asistencial a la doctora Mar\u00eda de Villarreal como una de las impulsoras de la creaci\u00f3n de ese proyecto<\/p>\n\n\n\n<p>PUENTE INFORMATIVO\/Cd Victoria<\/p>\n\n\n\n<p>Uno de los proyectos de asistencia social en favor de los adultos mayores que m\u00e1s cari\u00f1o y amor ha brindado a la sociedad, es el que inici\u00f3 como \u201cVillas Vida Plena\u201d.<\/p>\n\n\n<div class=\"wp-block-image\">\n<figure class=\"alignleft size-large is-resized\"><img fetchpriority=\"high\" decoding=\"async\" src=\"https:\/\/puenteinformativo.info\/wp-content\/uploads\/2022\/11\/5f136782-f42e-44c6-8cdd-29742c181b0d-1024x682.jpg\" alt=\"\" class=\"wp-image-7118\" width=\"512\" height=\"341\" srcset=\"https:\/\/puenteinformativo.info\/wp-content\/uploads\/2022\/11\/5f136782-f42e-44c6-8cdd-29742c181b0d-1024x682.jpg 1024w, https:\/\/puenteinformativo.info\/wp-content\/uploads\/2022\/11\/5f136782-f42e-44c6-8cdd-29742c181b0d-300x200.jpg 300w, https:\/\/puenteinformativo.info\/wp-content\/uploads\/2022\/11\/5f136782-f42e-44c6-8cdd-29742c181b0d-768x512.jpg 768w, https:\/\/puenteinformativo.info\/wp-content\/uploads\/2022\/11\/5f136782-f42e-44c6-8cdd-29742c181b0d.jpg 1163w\" sizes=\"(max-width: 512px) 100vw, 512px\" \/><\/figure><\/div>\n\n\n<p>Hace justo 15 a\u00f1os, cuando la actual presidenta del Sistema DIF Tamaulipas, la doctora Mar\u00eda de Villarreal pertenec\u00eda a la Direcci\u00f3n del Adulto Mayor, inici\u00f3 con su objetivo, que ha sido siempre, el de brindar un lugar digno donde vivir a las personas que se encuentran en ese grupo de edad y que no tengan una vivienda.<\/p>\n\n\n\n<p>Los beneficiarios de ese lugar tienen a su disposici\u00f3n una vivienda independiente con todos los servicios, equipadas con cocineta, ba\u00f1o, \u00e1rea de lavander\u00eda, biblioteca, \u00e1rea de eventos socioculturales, canchas deportivas, huertos, entre otras cosas.<\/p>\n\n\n\n<p>Todo ello propicia una sana convivencia que les permite el intercambio de ideas, ejercitarse, expresarse libremente y mantener una vida plena que se tienen bien merecida despu\u00e9s de tantos a\u00f1os de trabajo.<\/p>\n\n\n<div class=\"wp-block-image\">\n<figure class=\"alignright size-large is-resized\"><img decoding=\"async\" src=\"https:\/\/puenteinformativo.info\/wp-content\/uploads\/2022\/11\/294ddb17-53fd-41f3-b831-dd52840a2796-1024x682.jpg\" alt=\"\" class=\"wp-image-7121\" width=\"512\" height=\"341\" srcset=\"https:\/\/puenteinformativo.info\/wp-content\/uploads\/2022\/11\/294ddb17-53fd-41f3-b831-dd52840a2796-1024x682.jpg 1024w, https:\/\/puenteinformativo.info\/wp-content\/uploads\/2022\/11\/294ddb17-53fd-41f3-b831-dd52840a2796-300x200.jpg 300w, https:\/\/puenteinformativo.info\/wp-content\/uploads\/2022\/11\/294ddb17-53fd-41f3-b831-dd52840a2796-768x512.jpg 768w, https:\/\/puenteinformativo.info\/wp-content\/uploads\/2022\/11\/294ddb17-53fd-41f3-b831-dd52840a2796.jpg 1163w\" sizes=\"(max-width: 512px) 100vw, 512px\" \/><\/figure><\/div>\n\n\n<p>\u201cEl que pasa por aqu\u00ed en verdad tiene mucho para ser feliz y disfrutar, y les agradezco por haberme invitado a compartir con ustedes y vamos a seguir con este proyecto hermoso y cada vez a impulsarlo m\u00e1s y a que ustedes est\u00e9n muy bien y podamos invitar a m\u00e1s habitantes aqu\u00ed a disfrutar y como a ustedes les ense\u00f1an, a ser felices, muchas gracias y feliz aniversario\u201d expres\u00f3 la doctora Mar\u00eda de Villarreal.<\/p>\n\n\n\n<p>\u00c9ste modelo de Villas sigue siendo un referente a nivel nacional y ha sido replicado en varios estados del pa\u00eds, de tal manera que el proyecto crece cada d\u00eda m\u00e1s, y se espera que en fechas posteriores se incorporen nuevos residentes a \u00e9ste lugar, as\u00ed lo indic\u00f3 Luz Mar\u00eda Luna, directora de Centros Asistenciales al resaltar todos los beneficios que sus habitantes encuentran en ese lugar.<\/p>\n","protected":false},"excerpt":{"rendered":"<p>Recuerdan fundadores de ese centro asistencial a la doctora Mar\u00eda de Villarreal como una de las impulsoras de la creaci\u00f3n de ese proyecto PUENTE INFORMATIVO\/Cd Victoria Uno de los proyectos de asistencia social en favor de los adultos mayores que m\u00e1s cari\u00f1o y amor ha brindado a la sociedad, es el que inici\u00f3 como \u201cVillas [&hellip;]<\/p>\n","protected":false},"author":3,"featured_media":7117,"comment_status":"closed","ping_status":"closed","sticky":false,"template":"","format":"standard","meta":{"om_disable_all_campaigns":false,"_monsterinsights_skip_tracking":false,"_monsterinsights_sitenote_active":false,"_monsterinsights_sitenote_note":"","_monsterinsights_sitenote_category":0,"footnotes":""},"categories":[24],"tags":[],"aioseo_notices":[],"blog_post_layout_featured_media_urls":{"thumbnail":["https:\/\/puenteinformativo.info\/wp-content\/uploads\/2022\/11\/f81fcaf2-8268-4462-9bdc-98a8e22af232-150x150.jpg",150,150,true],"full":["https:\/\/puenteinformativo.info\/wp-content\/uploads\/2022\/11\/f81fcaf2-8268-4462-9bdc-98a8e22af232.jpg",1163,775,false]},"categories_names":{"24":{"name":"TAMAULIPAS","link":"https:\/\/puenteinformativo.info\/index.php\/category\/tamaulipas\/"}},"tags_names":[],"comments_number":"0","wpmagazine_modules_lite_featured_media_urls":{"thumbnail":["https:\/\/puenteinformativo.info\/wp-content\/uploads\/2022\/11\/f81fcaf2-8268-4462-9bdc-98a8e22af232-150x150.jpg",150,150,true],"cvmm-medium":["https:\/\/puenteinformativo.info\/wp-content\/uploads\/2022\/11\/f81fcaf2-8268-4462-9bdc-98a8e22af232-300x300.jpg",300,300,true],"cvmm-medium-plus":["https:\/\/puenteinformativo.info\/wp-content\/uploads\/2022\/11\/f81fcaf2-8268-4462-9bdc-98a8e22af232-305x207.jpg",305,207,true],"cvmm-portrait":["https:\/\/puenteinformativo.info\/wp-content\/uploads\/2022\/11\/f81fcaf2-8268-4462-9bdc-98a8e22af232-400x600.jpg",400,600,true],"cvmm-medium-square":["https:\/\/puenteinformativo.info\/wp-content\/uploads\/2022\/11\/f81fcaf2-8268-4462-9bdc-98a8e22af232-600x600.jpg",600,600,true],"cvmm-large":["https:\/\/puenteinformativo.info\/wp-content\/uploads\/2022\/11\/f81fcaf2-8268-4462-9bdc-98a8e22af232-1024x775.jpg",1024,775,true],"cvmm-small":["https:\/\/puenteinformativo.info\/wp-content\/uploads\/2022\/11\/f81fcaf2-8268-4462-9bdc-98a8e22af232-130x95.jpg",130,95,true],"full":["https:\/\/puenteinformativo.info\/wp-content\/uploads\/2022\/11\/f81fcaf2-8268-4462-9bdc-98a8e22af232.jpg",1163,775,false]},"_links":{"self":[{"href":"https:\/\/puenteinformativo.info\/index.php\/wp-json\/wp\/v2\/posts\/7116"}],"collection":[{"href":"https:\/\/puenteinformativo.info\/index.php\/wp-json\/wp\/v2\/posts"}],"about":[{"href":"https:\/\/puenteinformativo.info\/index.php\/wp-json\/wp\/v2\/types\/post"}],"author":[{"embeddable":true,"href":"https:\/\/puenteinformativo.info\/index.php\/wp-json\/wp\/v2\/users\/3"}],"replies":[{"embeddable":true,"href":"https:\/\/puenteinformativo.info\/index.php\/wp-json\/wp\/v2\/comments?post=7116"}],"version-history":[{"count":1,"href":"https:\/\/puenteinformativo.info\/index.php\/wp-json\/wp\/v2\/posts\/7116\/revisions"}],"predecessor-version":[{"id":7122,"href":"https:\/\/puenteinformativo.info\/index.php\/wp-json\/wp\/v2\/posts\/7116\/revisions\/7122"}],"wp:featuredmedia":[{"embeddable":true,"href":"https:\/\/puenteinformativo.info\/index.php\/wp-json\/wp\/v2\/media\/7117"}],"wp:attachment":[{"href":"https:\/\/puenteinformativo.info\/index.php\/wp-json\/wp\/v2\/media?parent=7116"}],"wp:term":[{"taxonomy":"category","embeddable":true,"href":"https:\/\/puenteinformativo.info\/index.php\/wp-json\/wp\/v2\/categories?post=7116"},{"taxonomy":"post_tag","embeddable":true,"href":"https:\/\/puenteinformativo.info\/index.php\/wp-json\/wp\/v2\/tags?post=7116"}],"curies":[{"name":"wp","href":"https:\/\/api.w.org\/{rel}","templated":true}]}}