{"id":3997,"date":"2022-10-14T10:12:51","date_gmt":"2022-10-14T15:12:51","guid":{"rendered":"https:\/\/puenteinformativo.info\/?p=3997"},"modified":"2022-10-14T11:14:21","modified_gmt":"2022-10-14T16:14:21","slug":"deja-de-ser-obligatorio-uso-de-cubre-bocas-en-la-cdmx","status":"publish","type":"post","link":"https:\/\/puenteinformativo.info\/index.php\/2022\/10\/14\/deja-de-ser-obligatorio-uso-de-cubre-bocas-en-la-cdmx\/","title":{"rendered":"Deja de ser obligatorio uso de cubre bocas en la CDMX"},"content":{"rendered":"\n<p>A partir de este 14 de octubre su uso ser\u00e1&nbsp;<strong>voluntario<\/strong>&nbsp;en espacios abiertos y tambi\u00e9n en espacios cerrados<\/p>\n\n\n\n<p>PUENTE INFORMATIVO\/CDMX<\/p>\n\n\n\n<p>El Gobierno de la&nbsp;<strong>Ciudad de M\u00e9xico<\/strong>&nbsp;retiro la obligatoriedad sobre el uso del&nbsp;<strong>cubre bocas, por lo que a partir de este d\u00eda ser\u00e1 decisi\u00f3n de las personas la utilizaci\u00f3n del aditamento<\/strong>.<\/p>\n\n\n\n<p>La Gaceta Oficial\u00a0public\u00f3\u00a0una actualizaci\u00f3n de las acciones de protecci\u00f3n a la salud por Covid-19 en la que se se\u00f1alo que el uso del cubre bocas ser\u00e1 ya voluntario en espacios cerrados y abiertos, pero solo cuando exista sana distancia y adecuada ventilaci\u00f3n.<\/p>\n\n\n\n<p>Dicha medida aplicar\u00e1 en establecimientos mercantiles y oficinas, adem\u00e1s de en espacios culturales.<\/p>\n\n\n\n<p>Pero, el Gobierno de la Ciudad de M\u00e9xico recomienda mantener el uso de cubre bocas en espacios cerrados sin sana distancia o adecuada ventilaci\u00f3n.<\/p>\n\n\n\n<p>En lugares de alta afluencia de personas, como escuelas, transporte p\u00fablico u hospitales; y en actividades o espect\u00e1culos p\u00fablicos en espacios cerrados.<\/p>\n\n\n\n<p>Se recomienda su uso en personas mayores, con enfermedades respiratorias, patolog\u00edas cr\u00f3nicas o inmunodepresi\u00f3n; personas que tengan o sospechen que tienen Covid-19, y personas que no se hayan vacunado.<\/p>\n\n\n\n<p>La medida de la\u00a0Ciudad de M\u00e9xico\u00a0ocurre despu\u00e9s de que la\u00a0Secretar\u00eda de Salud federal\u00a0publicara\u00a0una actualizaci\u00f3n de las medidas para prevenir la\u00a0propagaci\u00f3n\u00a0del\u00a0Covid-19, entre las que destaca que el uso de\u00a0cubrebocas\u00a0ya no ser\u00e1 obligatorio\u00a0en espacios cerrados mientras exista una distancia de 1.5 metros entre persona y persona.<\/p>\n","protected":false},"excerpt":{"rendered":"<p>A partir de este 14 de octubre su uso ser\u00e1&nbsp;voluntario&nbsp;en espacios abiertos y tambi\u00e9n en espacios cerrados PUENTE INFORMATIVO\/CDMX El Gobierno de la&nbsp;Ciudad de M\u00e9xico&nbsp;retiro la obligatoriedad sobre el uso del&nbsp;cubre bocas, por lo que a partir de este d\u00eda ser\u00e1 decisi\u00f3n de las personas la utilizaci\u00f3n del aditamento. La Gaceta Oficial\u00a0public\u00f3\u00a0una actualizaci\u00f3n de las [&hellip;]<\/p>\n","protected":false},"author":3,"featured_media":3998,"comment_status":"closed","ping_status":"closed","sticky":false,"template":"","format":"standard","meta":{"om_disable_all_campaigns":false,"_monsterinsights_skip_tracking":false,"_monsterinsights_sitenote_active":false,"_monsterinsights_sitenote_note":"","_monsterinsights_sitenote_category":0,"footnotes":""},"categories":[11],"tags":[],"aioseo_notices":[],"blog_post_layout_featured_media_urls":{"thumbnail":["https:\/\/puenteinformativo.info\/wp-content\/uploads\/2022\/10\/cuartoscuro_866841_digital-150x150.jpeg",150,150,true],"full":["https:\/\/puenteinformativo.info\/wp-content\/uploads\/2022\/10\/cuartoscuro_866841_digital.jpeg",1920,1280,false]},"categories_names":{"11":{"name":"NACIONAL","link":"https:\/\/puenteinformativo.info\/index.php\/category\/nacional\/"}},"tags_names":[],"comments_number":"0","wpmagazine_modules_lite_featured_media_urls":{"thumbnail":["https:\/\/puenteinformativo.info\/wp-content\/uploads\/2022\/10\/cuartoscuro_866841_digital-150x150.jpeg",150,150,true],"cvmm-medium":["https:\/\/puenteinformativo.info\/wp-content\/uploads\/2022\/10\/cuartoscuro_866841_digital-300x300.jpeg",300,300,true],"cvmm-medium-plus":["https:\/\/puenteinformativo.info\/wp-content\/uploads\/2022\/10\/cuartoscuro_866841_digital-305x207.jpeg",305,207,true],"cvmm-portrait":["https:\/\/puenteinformativo.info\/wp-content\/uploads\/2022\/10\/cuartoscuro_866841_digital-400x600.jpeg",400,600,true],"cvmm-medium-square":["https:\/\/puenteinformativo.info\/wp-content\/uploads\/2022\/10\/cuartoscuro_866841_digital-600x600.jpeg",600,600,true],"cvmm-large":["https:\/\/puenteinformativo.info\/wp-content\/uploads\/2022\/10\/cuartoscuro_866841_digital-1024x1024.jpeg",1024,1024,true],"cvmm-small":["https:\/\/puenteinformativo.info\/wp-content\/uploads\/2022\/10\/cuartoscuro_866841_digital-130x95.jpeg",130,95,true],"full":["https:\/\/puenteinformativo.info\/wp-content\/uploads\/2022\/10\/cuartoscuro_866841_digital.jpeg",1920,1280,false]},"_links":{"self":[{"href":"https:\/\/puenteinformativo.info\/index.php\/wp-json\/wp\/v2\/posts\/3997"}],"collection":[{"href":"https:\/\/puenteinformativo.info\/index.php\/wp-json\/wp\/v2\/posts"}],"about":[{"href":"https:\/\/puenteinformativo.info\/index.php\/wp-json\/wp\/v2\/types\/post"}],"author":[{"embeddable":true,"href":"https:\/\/puenteinformativo.info\/index.php\/wp-json\/wp\/v2\/users\/3"}],"replies":[{"embeddable":true,"href":"https:\/\/puenteinformativo.info\/index.php\/wp-json\/wp\/v2\/comments?post=3997"}],"version-history":[{"count":1,"href":"https:\/\/puenteinformativo.info\/index.php\/wp-json\/wp\/v2\/posts\/3997\/revisions"}],"predecessor-version":[{"id":3999,"href":"https:\/\/puenteinformativo.info\/index.php\/wp-json\/wp\/v2\/posts\/3997\/revisions\/3999"}],"wp:featuredmedia":[{"embeddable":true,"href":"https:\/\/puenteinformativo.info\/index.php\/wp-json\/wp\/v2\/media\/3998"}],"wp:attachment":[{"href":"https:\/\/puenteinformativo.info\/index.php\/wp-json\/wp\/v2\/media?parent=3997"}],"wp:term":[{"taxonomy":"category","embeddable":true,"href":"https:\/\/puenteinformativo.info\/index.php\/wp-json\/wp\/v2\/categories?post=3997"},{"taxonomy":"post_tag","embeddable":true,"href":"https:\/\/puenteinformativo.info\/index.php\/wp-json\/wp\/v2\/tags?post=3997"}],"curies":[{"name":"wp","href":"https:\/\/api.w.org\/{rel}","templated":true}]}}