{"id":28397,"date":"2026-09-04T22:00:50","date_gmt":"2026-09-05T03:00:50","guid":{"rendered":"https:\/\/puenteinformativo.info\/?p=28397"},"modified":"2026-09-04T22:06:43","modified_gmt":"2026-09-05T03:06:43","slug":"diego-forlan-tiene-en-su-mira-a-la-liga-mx","status":"publish","type":"post","link":"https:\/\/puenteinformativo.info\/index.php\/2026\/09\/04\/diego-forlan-tiene-en-su-mira-a-la-liga-mx\/","title":{"rendered":"\u00a1Diego Forl\u00e1n tiene en su mira a la Liga MX!\u00a0"},"content":{"rendered":"\n<p>PUENTE INFORMATIVO\/CDMX<\/p>\n\n\n\n<p>La\u00a0Liga MX\u00a0tiene presencia en los primeros\u00a0planes\u00a0de\u00a0Diego Forl\u00e1n\u00a0al frente de la\u00a0Selecci\u00f3n Uruguaya. Aunque no se trata de la convocatoria definitiva, el nuevo entrenador de la Celeste present\u00f3 una lista inicial de 46 futbolistas reservados, entre los que aparecen cinco que actualmente militan en M\u00e9xico.<\/p>\n\n\n\n<p>Brian Rodr\u00edguez, Santiago Homenchenko, Diego Rossi, Rodrigo Aguirre y Federico Vi\u00f1as\u00a0han sido pre elegidos para los amistosos ante Jap\u00f3n, Corea del Sur e India, aunque todav\u00eda deber\u00e1n superar el corte final para integrar la n\u00f3mina que realizar\u00e1 la gira por Asia.<\/p>\n\n\n\n<p><strong>Brian Rodr\u00edguez<\/strong>&nbsp;es uno de los elementos con mayor recorrido internacional entre los representantes. El atacante de&nbsp;<strong>Am\u00e9rica&nbsp;<\/strong>acumula&nbsp;<strong>36 partidos con la selecci\u00f3n absoluta<\/strong>&nbsp;y form\u00f3 parte del plantel uruguayo en el Mundial 2026. En el actual certamen ha sumado dos goles con las \u00c1guilas y ha sido confirmado por Almada para seguir m\u00e1s tiempo a pesar de las ofertas que ha tenido.<\/p>\n\n\n\n<p>Una de las&nbsp;<strong>novedades&nbsp;<\/strong>es<strong>&nbsp;Santiago Homenchenko<\/strong>. El mediocampista del Quer\u00e9taro todav\u00eda busca debutar con la selecci\u00f3n mayor, pero su rendimiento en M\u00e9xico le abri\u00f3 una puerta. El campe\u00f3n del Mundial Sub-20 de 2023 ha disputado los 540 minutos posibles en las primeras seis jornadas del torneo y pese a desempe\u00f1arse como contenci\u00f3n ha registrado cuatro goles y una asistencia.<\/p>\n\n\n\n<p><strong>Diego Rossi<\/strong>&nbsp;tambi\u00e9n aprovech\u00f3 su aventura en la Liga MX. El atacante de&nbsp;<strong>Monterrey&nbsp;<\/strong>no estuvo en el Mundial, pero Forl\u00e1n lo recuper\u00f3 dentro de sus primeras opciones. Rossi ha sumado dos goles y tres asistencias en seis jornadas, adem\u00e1s de convertirse en una pieza importante de Rayados en su camino hasta la final de la Leagues Cup. Su buen comienzo en M\u00e9xico coincidi\u00f3 con su regreso al radar celeste.<\/p>\n\n\n\n<p>El futbol mexicano tambi\u00e9n impuls\u00f3 la etapa internacional de<strong>&nbsp;Rodrigo Aguirre<\/strong>. El actual delantero de&nbsp;<strong>Tigres&nbsp;<\/strong>pas\u00f3 anteriormente por Necaxa, Monterrey y Am\u00e9rica y debut\u00f3 con Uruguay hasta noviembre de 2024. Desde entonces consigui\u00f3 mantenerse en el panorama de su pa\u00eds, fue mundialista este a\u00f1o y sobrevivi\u00f3 al cambio de entrenador. El B\u00fafalo tambi\u00e9n ha respondido en el Apertura con dos goles y una asistencia.<\/p>\n\n\n\n<p><strong>Federico Vi\u00f1as<\/strong>\u00a0es otro de los viejos conocidos de la Liga MX. Despu\u00e9s de vestir las camisetas de Am\u00e9rica y Le\u00f3n y posteriormente jugar en Espa\u00f1a, regres\u00f3 a M\u00e9xico para incorporarse con\u00a0<strong>Toluca<\/strong>. Su respuesta ha sido inmediata debido a que acumula dos goles en Liga MX y tres m\u00e1s en Leagues Cup. El atacante disput\u00f3 los tres encuentros de Uruguay en el Mundial 2026, dos como titular, y ahora pretende conservar su sitio durante la nueva etapa.<\/p>\n\n\n\n<p><\/p>\n","protected":false},"excerpt":{"rendered":"<p>PUENTE INFORMATIVO\/CDMX La\u00a0Liga MX\u00a0tiene presencia en los primeros\u00a0planes\u00a0de\u00a0Diego Forl\u00e1n\u00a0al frente de la\u00a0Selecci\u00f3n Uruguaya. Aunque no se trata de la convocatoria definitiva, el nuevo entrenador de la Celeste present\u00f3 una lista inicial de 46 futbolistas reservados, entre los que aparecen cinco que actualmente militan en M\u00e9xico. Brian Rodr\u00edguez, Santiago Homenchenko, Diego Rossi, Rodrigo Aguirre y Federico [&hellip;]<\/p>\n","protected":false},"author":3,"featured_media":28398,"comment_status":"closed","ping_status":"closed","sticky":false,"template":"","format":"standard","meta":{"om_disable_all_campaigns":false,"_monsterinsights_skip_tracking":false,"_monsterinsights_sitenote_active":false,"_monsterinsights_sitenote_note":"","_monsterinsights_sitenote_category":0,"footnotes":""},"categories":[8],"tags":[],"aioseo_notices":[],"blog_post_layout_featured_media_urls":{"thumbnail":["https:\/\/puenteinformativo.info\/wp-content\/uploads\/2026\/09\/diego-forlan-hero-e9670915d67423fa0b78c7d7515c169c-150x150.webp",150,150,true],"full":["https:\/\/puenteinformativo.info\/wp-content\/uploads\/2026\/09\/diego-forlan-hero-e9670915d67423fa0b78c7d7515c169c.webp",1408,1386,false]},"categories_names":{"8":{"name":"DEPORTES","link":"https:\/\/puenteinformativo.info\/index.php\/category\/deportes\/"}},"tags_names":[],"comments_number":"0","wpmagazine_modules_lite_featured_media_urls":{"thumbnail":["https:\/\/puenteinformativo.info\/wp-content\/uploads\/2026\/09\/diego-forlan-hero-e9670915d67423fa0b78c7d7515c169c-150x150.webp",150,150,true],"cvmm-medium":["https:\/\/puenteinformativo.info\/wp-content\/uploads\/2026\/09\/diego-forlan-hero-e9670915d67423fa0b78c7d7515c169c-300x300.webp",300,300,true],"cvmm-medium-plus":["https:\/\/puenteinformativo.info\/wp-content\/uploads\/2026\/09\/diego-forlan-hero-e9670915d67423fa0b78c7d7515c169c-305x207.webp",305,207,true],"cvmm-portrait":["https:\/\/puenteinformativo.info\/wp-content\/uploads\/2026\/09\/diego-forlan-hero-e9670915d67423fa0b78c7d7515c169c-400x600.webp",400,600,true],"cvmm-medium-square":["https:\/\/puenteinformativo.info\/wp-content\/uploads\/2026\/09\/diego-forlan-hero-e9670915d67423fa0b78c7d7515c169c-600x600.webp",600,600,true],"cvmm-large":["https:\/\/puenteinformativo.info\/wp-content\/uploads\/2026\/09\/diego-forlan-hero-e9670915d67423fa0b78c7d7515c169c-1024x1024.webp",1024,1024,true],"cvmm-small":["https:\/\/puenteinformativo.info\/wp-content\/uploads\/2026\/09\/diego-forlan-hero-e9670915d67423fa0b78c7d7515c169c-130x95.webp",130,95,true],"full":["https:\/\/puenteinformativo.info\/wp-content\/uploads\/2026\/09\/diego-forlan-hero-e9670915d67423fa0b78c7d7515c169c.webp",1408,1386,false]},"_links":{"self":[{"href":"https:\/\/puenteinformativo.info\/index.php\/wp-json\/wp\/v2\/posts\/28397"}],"collection":[{"href":"https:\/\/puenteinformativo.info\/index.php\/wp-json\/wp\/v2\/posts"}],"about":[{"href":"https:\/\/puenteinformativo.info\/index.php\/wp-json\/wp\/v2\/types\/post"}],"author":[{"embeddable":true,"href":"https:\/\/puenteinformativo.info\/index.php\/wp-json\/wp\/v2\/users\/3"}],"replies":[{"embeddable":true,"href":"https:\/\/puenteinformativo.info\/index.php\/wp-json\/wp\/v2\/comments?post=28397"}],"version-history":[{"count":1,"href":"https:\/\/puenteinformativo.info\/index.php\/wp-json\/wp\/v2\/posts\/28397\/revisions"}],"predecessor-version":[{"id":28399,"href":"https:\/\/puenteinformativo.info\/index.php\/wp-json\/wp\/v2\/posts\/28397\/revisions\/28399"}],"wp:featuredmedia":[{"embeddable":true,"href":"https:\/\/puenteinformativo.info\/index.php\/wp-json\/wp\/v2\/media\/28398"}],"wp:attachment":[{"href":"https:\/\/puenteinformativo.info\/index.php\/wp-json\/wp\/v2\/media?parent=28397"}],"wp:term":[{"taxonomy":"category","embeddable":true,"href":"https:\/\/puenteinformativo.info\/index.php\/wp-json\/wp\/v2\/categories?post=28397"},{"taxonomy":"post_tag","embeddable":true,"href":"https:\/\/puenteinformativo.info\/index.php\/wp-json\/wp\/v2\/tags?post=28397"}],"curies":[{"name":"wp","href":"https:\/\/api.w.org\/{rel}","templated":true}]}}