{"id":28391,"date":"2026-09-04T21:31:51","date_gmt":"2026-09-05T02:31:51","guid":{"rendered":"https:\/\/puenteinformativo.info\/?p=28391"},"modified":"2026-09-04T21:44:25","modified_gmt":"2026-09-05T02:44:25","slug":"mexicano-se-declara-culpable-de-trafico-de-seres-humanos-en-corte-de-eu","status":"publish","type":"post","link":"https:\/\/puenteinformativo.info\/index.php\/2026\/09\/04\/mexicano-se-declara-culpable-de-trafico-de-seres-humanos-en-corte-de-eu\/","title":{"rendered":"Mexicano se declara culpable de trafico de seres humanos en corte de EU"},"content":{"rendered":"\n<p>PUENTE INFORMATIVO\/Washington, D.C.<\/p>\n\n\n\n<p>Un mexicano, de 29 a\u00f1os, se declar\u00f3 culpable este viernes de conspirar para\u00a0traficar inmigrantes indocumentados\u00a0a\u00a0Estados Unidos\u00a0a trav\u00e9s de un t\u00fanel subterr\u00e1neo, ligado al Cartel de Jalisco Nueva Generaci\u00f3n\u00a0(CJNG),\u00a0que conectaba Ciudad Ju\u00e1rez\u00a0(M\u00e9xico)\u00a0con El Paso\u00a0(Texas),\u00a0inform\u00f3 el Departamento de Justicia\u00a0(DOJ).<\/p>\n\n\n\n<p>Luis Carlos D\u00e1valos-L\u00f3pez\u00a0acept\u00f3 en un tribunal federal de Texas un cargo de conspiraci\u00f3n para el\u00a0tr\u00e1fico de inmigrantes\u00a0a trav\u00e9s del t\u00fanel, descubierto en enero del a\u00f1o pasado.<\/p>\n\n\n\n<p>El sujeto fue puesto en la mira de las autoridades federales despu\u00e9s de que se interceptaran llamadas telef\u00f3nicas entre \u00e9l y otras personas sobre el\u00a0tr\u00e1fico de inmigrantes\u00a0a trav\u00e9s del pasadizo subterr\u00e1neo.<\/p>\n\n\n\n<p>En varias de estas llamadas interceptadas,\u00a0D\u00e1valos-L\u00f3pez\u00a0se refiri\u00f3 espec\u00edficamente a un t\u00fanel existente entre\u00a0Ciudad Ju\u00e1rez y El Paso\u00a0y habl\u00f3 sobre la cantidad de migrantes que lo cruzan y el costo de su uso.<\/p>\n\n\n\n<p>Las conversaciones incluyeron referencias al cobro de m\u00e1s de 30 mil d\u00f3lares a inmigrantes por utilizar el t\u00fanel para ingresar ilegalmente a\u00a0Estados Unidos, seg\u00fan un comunicado del DOI.<\/p>\n\n\n\n<p>D\u00e1valos-L\u00f3pez\u00a0y otros acusados en este caso fueron detenidos en\u00a0M\u00e9xico\u00a0en abril de 2025 y posteriormente extraditados a\u00a0Estados Unidos.<\/p>\n\n\n\n<p>Coult W. Markovsky, agente interino a cargo de la oficina del\u00a0FBI\u00a0en\u00a0El Paso, dijo en el comunicado que el t\u00fanel usado para el tr\u00e1fico de inmigrantes, drogas y armas fue construido por el\u00a0Cartel de Jalisco Nueva Generaci\u00f3n.<\/p>\n","protected":false},"excerpt":{"rendered":"<p>PUENTE INFORMATIVO\/Washington, D.C. Un mexicano, de 29 a\u00f1os, se declar\u00f3 culpable este viernes de conspirar para\u00a0traficar inmigrantes indocumentados\u00a0a\u00a0Estados Unidos\u00a0a trav\u00e9s de un t\u00fanel subterr\u00e1neo, ligado al Cartel de Jalisco Nueva Generaci\u00f3n\u00a0(CJNG),\u00a0que conectaba Ciudad Ju\u00e1rez\u00a0(M\u00e9xico)\u00a0con El Paso\u00a0(Texas),\u00a0inform\u00f3 el Departamento de Justicia\u00a0(DOJ). Luis Carlos D\u00e1valos-L\u00f3pez\u00a0acept\u00f3 en un tribunal federal de Texas un cargo de conspiraci\u00f3n para el\u00a0tr\u00e1fico [&hellip;]<\/p>\n","protected":false},"author":3,"featured_media":28392,"comment_status":"closed","ping_status":"closed","sticky":false,"template":"","format":"standard","meta":{"om_disable_all_campaigns":false,"_monsterinsights_skip_tracking":false,"_monsterinsights_sitenote_active":false,"_monsterinsights_sitenote_note":"","_monsterinsights_sitenote_category":0,"footnotes":""},"categories":[10],"tags":[],"aioseo_notices":[],"blog_post_layout_featured_media_urls":{"thumbnail":["https:\/\/puenteinformativo.info\/wp-content\/uploads\/2026\/09\/caravana_tijuana_edit-150x150.jpg",150,150,true],"full":["https:\/\/puenteinformativo.info\/wp-content\/uploads\/2026\/09\/caravana_tijuana_edit.jpg",1280,720,false]},"categories_names":{"10":{"name":"INTERNACIONAL","link":"https:\/\/puenteinformativo.info\/index.php\/category\/internacional\/"}},"tags_names":[],"comments_number":"0","wpmagazine_modules_lite_featured_media_urls":{"thumbnail":["https:\/\/puenteinformativo.info\/wp-content\/uploads\/2026\/09\/caravana_tijuana_edit-150x150.jpg",150,150,true],"cvmm-medium":["https:\/\/puenteinformativo.info\/wp-content\/uploads\/2026\/09\/caravana_tijuana_edit-300x300.jpg",300,300,true],"cvmm-medium-plus":["https:\/\/puenteinformativo.info\/wp-content\/uploads\/2026\/09\/caravana_tijuana_edit-305x207.jpg",305,207,true],"cvmm-portrait":["https:\/\/puenteinformativo.info\/wp-content\/uploads\/2026\/09\/caravana_tijuana_edit-400x600.jpg",400,600,true],"cvmm-medium-square":["https:\/\/puenteinformativo.info\/wp-content\/uploads\/2026\/09\/caravana_tijuana_edit-600x600.jpg",600,600,true],"cvmm-large":["https:\/\/puenteinformativo.info\/wp-content\/uploads\/2026\/09\/caravana_tijuana_edit-1024x720.jpg",1024,720,true],"cvmm-small":["https:\/\/puenteinformativo.info\/wp-content\/uploads\/2026\/09\/caravana_tijuana_edit-130x95.jpg",130,95,true],"full":["https:\/\/puenteinformativo.info\/wp-content\/uploads\/2026\/09\/caravana_tijuana_edit.jpg",1280,720,false]},"_links":{"self":[{"href":"https:\/\/puenteinformativo.info\/index.php\/wp-json\/wp\/v2\/posts\/28391"}],"collection":[{"href":"https:\/\/puenteinformativo.info\/index.php\/wp-json\/wp\/v2\/posts"}],"about":[{"href":"https:\/\/puenteinformativo.info\/index.php\/wp-json\/wp\/v2\/types\/post"}],"author":[{"embeddable":true,"href":"https:\/\/puenteinformativo.info\/index.php\/wp-json\/wp\/v2\/users\/3"}],"replies":[{"embeddable":true,"href":"https:\/\/puenteinformativo.info\/index.php\/wp-json\/wp\/v2\/comments?post=28391"}],"version-history":[{"count":1,"href":"https:\/\/puenteinformativo.info\/index.php\/wp-json\/wp\/v2\/posts\/28391\/revisions"}],"predecessor-version":[{"id":28393,"href":"https:\/\/puenteinformativo.info\/index.php\/wp-json\/wp\/v2\/posts\/28391\/revisions\/28393"}],"wp:featuredmedia":[{"embeddable":true,"href":"https:\/\/puenteinformativo.info\/index.php\/wp-json\/wp\/v2\/media\/28392"}],"wp:attachment":[{"href":"https:\/\/puenteinformativo.info\/index.php\/wp-json\/wp\/v2\/media?parent=28391"}],"wp:term":[{"taxonomy":"category","embeddable":true,"href":"https:\/\/puenteinformativo.info\/index.php\/wp-json\/wp\/v2\/categories?post=28391"},{"taxonomy":"post_tag","embeddable":true,"href":"https:\/\/puenteinformativo.info\/index.php\/wp-json\/wp\/v2\/tags?post=28391"}],"curies":[{"name":"wp","href":"https:\/\/api.w.org\/{rel}","templated":true}]}}