{"id":28357,"date":"2026-09-04T19:20:04","date_gmt":"2026-09-05T00:20:04","guid":{"rendered":"https:\/\/puenteinformativo.info\/?p=28357"},"modified":"2026-09-04T19:41:35","modified_gmt":"2026-09-05T00:41:35","slug":"fgr-lleva-a-proceso-a-9-personas-por-probable-produccion-de-drogas-sinteticas","status":"publish","type":"post","link":"https:\/\/puenteinformativo.info\/index.php\/2026\/09\/04\/fgr-lleva-a-proceso-a-9-personas-por-probable-produccion-de-drogas-sinteticas\/","title":{"rendered":"FGR lleva a proceso a 9 personas por probable producci\u00f3n de drogas sint\u00e9ticas"},"content":{"rendered":"\n<p>PUENTE INFORMATIVO\/San Luis Potos\u00ed, SLP<\/p>\n\n\n<div class=\"wp-block-image\">\n<figure class=\"alignleft size-full is-resized\"><img fetchpriority=\"high\" decoding=\"async\" width=\"432\" height=\"576\" src=\"https:\/\/puenteinformativo.info\/wp-content\/uploads\/2026\/09\/WhatsApp-Image-2026-09-04-at-5.01.29-PM-1.jpeg\" alt=\"\" class=\"wp-image-28359\" style=\"aspect-ratio:0.75;width:202px;height:auto\" srcset=\"https:\/\/puenteinformativo.info\/wp-content\/uploads\/2026\/09\/WhatsApp-Image-2026-09-04-at-5.01.29-PM-1.jpeg 432w, https:\/\/puenteinformativo.info\/wp-content\/uploads\/2026\/09\/WhatsApp-Image-2026-09-04-at-5.01.29-PM-1-225x300.jpeg 225w\" sizes=\"(max-width: 432px) 100vw, 432px\" \/><\/figure><\/div>\n\n<div class=\"wp-block-image\">\n<figure class=\"alignright size-full is-resized\"><img decoding=\"async\" width=\"432\" height=\"576\" src=\"https:\/\/puenteinformativo.info\/wp-content\/uploads\/2026\/09\/WhatsApp-Image-2026-09-04-at-5.01.29-PM-2.jpeg\" alt=\"\" class=\"wp-image-28360\" style=\"aspect-ratio:0.75;width:207px;height:auto\" srcset=\"https:\/\/puenteinformativo.info\/wp-content\/uploads\/2026\/09\/WhatsApp-Image-2026-09-04-at-5.01.29-PM-2.jpeg 432w, https:\/\/puenteinformativo.info\/wp-content\/uploads\/2026\/09\/WhatsApp-Image-2026-09-04-at-5.01.29-PM-2-225x300.jpeg 225w\" sizes=\"(max-width: 432px) 100vw, 432px\" \/><\/figure><\/div>\n\n\n<p>Luego de la detenci\u00f3n de nueve personas en San Luis Potos\u00ed, la Fiscal\u00eda General de la Rep\u00fablica (FGR) las llev\u00f3 a proceso por su posible participaci\u00f3n en los delitos de contra la salud en la modalidad de producci\u00f3n de clorhidrato de metanfetamina, y uso de sustancias para elaborar y producir drogas sint\u00e9ticas. A uno de ellos, Javier \u201cN\u201d, tambi\u00e9n se le imput\u00f3 por portaci\u00f3n de arma de fuego de uso exclusivo de las fuerzas armadas.<\/p>\n\n\n<div class=\"wp-block-image\">\n<figure class=\"alignleft size-full is-resized\"><img decoding=\"async\" width=\"432\" height=\"576\" src=\"https:\/\/puenteinformativo.info\/wp-content\/uploads\/2026\/09\/WhatsApp-Image-2026-09-04-at-5.01.30-PM-1.jpeg\" alt=\"\" class=\"wp-image-28363\" style=\"aspect-ratio:0.75;width:204px;height:auto\" srcset=\"https:\/\/puenteinformativo.info\/wp-content\/uploads\/2026\/09\/WhatsApp-Image-2026-09-04-at-5.01.30-PM-1.jpeg 432w, https:\/\/puenteinformativo.info\/wp-content\/uploads\/2026\/09\/WhatsApp-Image-2026-09-04-at-5.01.30-PM-1-225x300.jpeg 225w\" sizes=\"(max-width: 432px) 100vw, 432px\" \/><\/figure><\/div>\n\n<div class=\"wp-block-image\">\n<figure class=\"alignright size-full is-resized\"><img loading=\"lazy\" decoding=\"async\" width=\"432\" height=\"576\" src=\"https:\/\/puenteinformativo.info\/wp-content\/uploads\/2026\/09\/WhatsApp-Image-2026-09-04-at-5.01.31-PM.jpeg\" alt=\"\" class=\"wp-image-28364\" style=\"aspect-ratio:0.75;width:204px;height:auto\" srcset=\"https:\/\/puenteinformativo.info\/wp-content\/uploads\/2026\/09\/WhatsApp-Image-2026-09-04-at-5.01.31-PM.jpeg 432w, https:\/\/puenteinformativo.info\/wp-content\/uploads\/2026\/09\/WhatsApp-Image-2026-09-04-at-5.01.31-PM-225x300.jpeg 225w\" sizes=\"(max-width: 432px) 100vw, 432px\" \/><\/figure><\/div>\n\n\n<p>El Ministerio P\u00fablico de la Federaci\u00f3n (MPF), adscrito a la Fiscal\u00eda Especializada de Control Regional (FECOR) en San Luis Potos\u00ed, aport\u00f3 los datos de prueba al juez de control del Centro de Justicia Penal Federal en la entidad, quien calific\u00f3 de legal la detenci\u00f3n, dict\u00f3 vinculaci\u00f3n a proceso, impuso medida cautelar de prisi\u00f3n preventiva oficiosa y fij\u00f3 un mes de plazo para el cierre de la investigaci\u00f3n complementaria.<\/p>\n\n\n<div class=\"wp-block-image\">\n<figure class=\"alignleft size-full is-resized\"><img loading=\"lazy\" decoding=\"async\" width=\"432\" height=\"576\" src=\"https:\/\/puenteinformativo.info\/wp-content\/uploads\/2026\/09\/WhatsApp-Image-2026-09-04-at-5.01.30-PM-4.jpeg\" alt=\"\" class=\"wp-image-28365\" style=\"aspect-ratio:0.75;width:205px;height:auto\" srcset=\"https:\/\/puenteinformativo.info\/wp-content\/uploads\/2026\/09\/WhatsApp-Image-2026-09-04-at-5.01.30-PM-4.jpeg 432w, https:\/\/puenteinformativo.info\/wp-content\/uploads\/2026\/09\/WhatsApp-Image-2026-09-04-at-5.01.30-PM-4-225x300.jpeg 225w\" sizes=\"(max-width: 432px) 100vw, 432px\" \/><\/figure><\/div>\n\n<div class=\"wp-block-image\">\n<figure class=\"alignright size-full is-resized\"><img loading=\"lazy\" decoding=\"async\" width=\"432\" height=\"576\" src=\"https:\/\/puenteinformativo.info\/wp-content\/uploads\/2026\/09\/WhatsApp-Image-2026-09-04-at-5.01.30-PM-2.jpeg\" alt=\"\" class=\"wp-image-28366\" style=\"aspect-ratio:0.75;width:210px;height:auto\" srcset=\"https:\/\/puenteinformativo.info\/wp-content\/uploads\/2026\/09\/WhatsApp-Image-2026-09-04-at-5.01.30-PM-2.jpeg 432w, https:\/\/puenteinformativo.info\/wp-content\/uploads\/2026\/09\/WhatsApp-Image-2026-09-04-at-5.01.30-PM-2-225x300.jpeg 225w\" sizes=\"(max-width: 432px) 100vw, 432px\" \/><\/figure><\/div>\n\n\n<p>En d\u00edas pasados, luego del Informe Policial Homologado (IPH) suscrito por elementos de la Guardia Civil Estatal, se puso a disposici\u00f3n de la FGR a V\u00edctor \u201cN\u201d, Sergio \u201cN\u201d, Miguel \u201cN\u201d, Mar\u00eda \u201cN\u201d, Aurelio \u201cN\u201d, Jos\u00e9 \u201cN\u201d, Efr\u00e9n \u201cN\u201d, Jos\u00e9 Humberto \u201cN\u201d y Javier \u201cN\u201d, tras ser detenidos en la comunidad Duraznillo, en Santa Mar\u00eda del R\u00edo, San Luis Potos\u00ed. Adem\u00e1s, se aseguraron envoltorios de pl\u00e1stico que conten\u00edan metanfetamina y un arma de fuego corta.<\/p>\n\n\n<div class=\"wp-block-image\">\n<figure class=\"alignleft size-full is-resized\"><img loading=\"lazy\" decoding=\"async\" width=\"432\" height=\"576\" src=\"https:\/\/puenteinformativo.info\/wp-content\/uploads\/2026\/09\/WhatsApp-Image-2026-09-04-at-5.01.30-PM.jpeg\" alt=\"\" class=\"wp-image-28367\" style=\"aspect-ratio:0.75;width:207px;height:auto\" srcset=\"https:\/\/puenteinformativo.info\/wp-content\/uploads\/2026\/09\/WhatsApp-Image-2026-09-04-at-5.01.30-PM.jpeg 432w, https:\/\/puenteinformativo.info\/wp-content\/uploads\/2026\/09\/WhatsApp-Image-2026-09-04-at-5.01.30-PM-225x300.jpeg 225w\" sizes=\"(max-width: 432px) 100vw, 432px\" \/><\/figure><\/div>\n\n<div class=\"wp-block-image\">\n<figure class=\"alignright size-full is-resized\"><img loading=\"lazy\" decoding=\"async\" width=\"432\" height=\"576\" src=\"https:\/\/puenteinformativo.info\/wp-content\/uploads\/2026\/09\/WhatsApp-Image-2026-09-04-at-5.01.30-PM-3.jpeg\" alt=\"\" class=\"wp-image-28369\" style=\"aspect-ratio:0.75;width:213px;height:auto\" srcset=\"https:\/\/puenteinformativo.info\/wp-content\/uploads\/2026\/09\/WhatsApp-Image-2026-09-04-at-5.01.30-PM-3.jpeg 432w, https:\/\/puenteinformativo.info\/wp-content\/uploads\/2026\/09\/WhatsApp-Image-2026-09-04-at-5.01.30-PM-3-225x300.jpeg 225w\" sizes=\"(max-width: 432px) 100vw, 432px\" \/><\/figure><\/div>\n\n\n<p>Como parte de las investigaciones, el agente del MPF ejecut\u00f3 una orden de cateo en un inmueble afecto a los hechos, ubicado en la zona rural, en dicho municipio, donde se aseguraron 184 kilos cinco miligramos de metanfetamina, 49 litros siete mililitros de metanfetamina l\u00edquida, 193 litros de precursor qu\u00edmico l\u00edquido, mil 891 litros nueve mililitros de qu\u00edmico esencial l\u00edquido, 813 litros nueves mililitros de sustancia l\u00edquida no identificada, 201 kilos 83 gramos de sustancia s\u00f3lida en proceso de identificaci\u00f3n y 171 litros de \u00e1cido ac\u00e9tico.<\/p>\n\n\n\n<p>A las personas mencionadas en este comunicado se les presume inocentes, mientras no exista sentencia condenatoria emitida por la autoridad judicial competente.<\/p>\n","protected":false},"excerpt":{"rendered":"<p>PUENTE INFORMATIVO\/San Luis Potos\u00ed, SLP Luego de la detenci\u00f3n de nueve personas en San Luis Potos\u00ed, la Fiscal\u00eda General de la Rep\u00fablica (FGR) las llev\u00f3 a proceso por su posible participaci\u00f3n en los delitos de contra la salud en la modalidad de producci\u00f3n de clorhidrato de metanfetamina, y uso de sustancias para elaborar y producir [&hellip;]<\/p>\n","protected":false},"author":3,"featured_media":28358,"comment_status":"closed","ping_status":"closed","sticky":false,"template":"","format":"standard","meta":{"om_disable_all_campaigns":false,"_monsterinsights_skip_tracking":false,"_monsterinsights_sitenote_active":false,"_monsterinsights_sitenote_note":"","_monsterinsights_sitenote_category":0,"footnotes":""},"categories":[11],"tags":[],"aioseo_notices":[],"blog_post_layout_featured_media_urls":{"thumbnail":["https:\/\/puenteinformativo.info\/wp-content\/uploads\/2026\/09\/WhatsApp-Image-2026-09-04-at-5.01.29-PM-150x150.jpeg",150,150,true],"full":["https:\/\/puenteinformativo.info\/wp-content\/uploads\/2026\/09\/WhatsApp-Image-2026-09-04-at-5.01.29-PM.jpeg",432,576,false]},"categories_names":{"11":{"name":"NACIONAL","link":"https:\/\/puenteinformativo.info\/index.php\/category\/nacional\/"}},"tags_names":[],"comments_number":"0","wpmagazine_modules_lite_featured_media_urls":{"thumbnail":["https:\/\/puenteinformativo.info\/wp-content\/uploads\/2026\/09\/WhatsApp-Image-2026-09-04-at-5.01.29-PM-150x150.jpeg",150,150,true],"cvmm-medium":["https:\/\/puenteinformativo.info\/wp-content\/uploads\/2026\/09\/WhatsApp-Image-2026-09-04-at-5.01.29-PM-300x300.jpeg",300,300,true],"cvmm-medium-plus":["https:\/\/puenteinformativo.info\/wp-content\/uploads\/2026\/09\/WhatsApp-Image-2026-09-04-at-5.01.29-PM-305x207.jpeg",305,207,true],"cvmm-portrait":["https:\/\/puenteinformativo.info\/wp-content\/uploads\/2026\/09\/WhatsApp-Image-2026-09-04-at-5.01.29-PM-400x576.jpeg",400,576,true],"cvmm-medium-square":["https:\/\/puenteinformativo.info\/wp-content\/uploads\/2026\/09\/WhatsApp-Image-2026-09-04-at-5.01.29-PM.jpeg",432,576,false],"cvmm-large":["https:\/\/puenteinformativo.info\/wp-content\/uploads\/2026\/09\/WhatsApp-Image-2026-09-04-at-5.01.29-PM.jpeg",432,576,false],"cvmm-small":["https:\/\/puenteinformativo.info\/wp-content\/uploads\/2026\/09\/WhatsApp-Image-2026-09-04-at-5.01.29-PM-130x95.jpeg",130,95,true],"full":["https:\/\/puenteinformativo.info\/wp-content\/uploads\/2026\/09\/WhatsApp-Image-2026-09-04-at-5.01.29-PM.jpeg",432,576,false]},"_links":{"self":[{"href":"https:\/\/puenteinformativo.info\/index.php\/wp-json\/wp\/v2\/posts\/28357"}],"collection":[{"href":"https:\/\/puenteinformativo.info\/index.php\/wp-json\/wp\/v2\/posts"}],"about":[{"href":"https:\/\/puenteinformativo.info\/index.php\/wp-json\/wp\/v2\/types\/post"}],"author":[{"embeddable":true,"href":"https:\/\/puenteinformativo.info\/index.php\/wp-json\/wp\/v2\/users\/3"}],"replies":[{"embeddable":true,"href":"https:\/\/puenteinformativo.info\/index.php\/wp-json\/wp\/v2\/comments?post=28357"}],"version-history":[{"count":1,"href":"https:\/\/puenteinformativo.info\/index.php\/wp-json\/wp\/v2\/posts\/28357\/revisions"}],"predecessor-version":[{"id":28370,"href":"https:\/\/puenteinformativo.info\/index.php\/wp-json\/wp\/v2\/posts\/28357\/revisions\/28370"}],"wp:featuredmedia":[{"embeddable":true,"href":"https:\/\/puenteinformativo.info\/index.php\/wp-json\/wp\/v2\/media\/28358"}],"wp:attachment":[{"href":"https:\/\/puenteinformativo.info\/index.php\/wp-json\/wp\/v2\/media?parent=28357"}],"wp:term":[{"taxonomy":"category","embeddable":true,"href":"https:\/\/puenteinformativo.info\/index.php\/wp-json\/wp\/v2\/categories?post=28357"},{"taxonomy":"post_tag","embeddable":true,"href":"https:\/\/puenteinformativo.info\/index.php\/wp-json\/wp\/v2\/tags?post=28357"}],"curies":[{"name":"wp","href":"https:\/\/api.w.org\/{rel}","templated":true}]}}