{"id":28303,"date":"2026-09-03T12:41:16","date_gmt":"2026-09-03T17:41:16","guid":{"rendered":"https:\/\/puenteinformativo.info\/?p=28303"},"modified":"2026-09-03T12:45:49","modified_gmt":"2026-09-03T17:45:49","slug":"escucha-y-atiende-titular-de-la-set-a-comunidades-escolares-de-soto-la-marina","status":"publish","type":"post","link":"https:\/\/puenteinformativo.info\/index.php\/2026\/09\/03\/escucha-y-atiende-titular-de-la-set-a-comunidades-escolares-de-soto-la-marina\/","title":{"rendered":"Escucha y atiende titular de la SET a comunidades escolares de Soto la Marina"},"content":{"rendered":"\n<p>PUENTE INFORMATIVO\/Soto la Marina<\/p>\n\n\n\n<p>Con el prop\u00f3sito de que las escuelas cuenten con las mejores condiciones posibles para un exitoso proceso de ense\u00f1anza-aprendizaje, el secretario de Educaci\u00f3n de Tamaulipas, Miguel \u00c1ngel Valdez Garc\u00eda, se reuni\u00f3 con comunidades escolares del municipio de Soto la Marina.<\/p>\n\n\n\n<p>En el marco del inicio de clases del ciclo escolar 2026-2027, el titular del sector educativo visit\u00f3 las escuelas primarias \u201cM\u00e1rtires de la Revoluci\u00f3n\u201d y \u201cMelchor Ocampo\u201d, as\u00ed como el Jard\u00edn de Ni\u00f1os \u201cJean Piaget\u201d, en el poblado La Pesca, para conversar con directivos, docentes, madres y padres de familia y estudiantes.<\/p>\n\n\n\n<p>Durante los encuentros con docentes y familias, el secretario los exhort\u00f3 a dar lo mejor de s\u00ed: desde las aulas, en el caso de las y los maestros, ense\u00f1ando contenidos de calidad, y desde los hogares, en el caso de las madres y los padres de familia, generando un ambiente sano que propicie el desarrollo educativo de sus hijas e hijos.<\/p>\n\n\n\n<p>Valdez Garc\u00eda dialog\u00f3 adem\u00e1s sobre las necesidades espec\u00edficas de cada uno de los planteles educativos, escuchando propuestas y acciones para mejorar la instituci\u00f3n y propiciar que el proceso de aprendizaje alcance mejores niveles de calidad.<\/p>\n\n\n\n<p>Con las y los estudiantes, el titular de la SET les felicit\u00f3 por el regreso a clases y record\u00f3 que, como resultado de la visi\u00f3n de los gobiernos humanistas, todas y todos los estudiantes inscritos en escuelas p\u00fablicas, desde la primaria hasta la preparatoria, cuentan con una beca universal.<\/p>\n\n\n\n<p>Resalt\u00f3 que, gracias a un trabajo conjunto entre los gobiernos federal y estatal, liderados por la presidenta Claudia Sheinbaum Pardo y por el gobernador Am\u00e9rico Villarreal Anaya, respectivamente, el sistema educativo contin\u00faa consolid\u00e1ndose como la gran base de la transformaci\u00f3n del pa\u00eds.<\/p>\n\n\n\n<p>Adem\u00e1s, recorri\u00f3 las instalaciones de cada centro educativo, en donde constat\u00f3 algunas obras y apoyos que han beneficiado a los planteles, ya sea a trav\u00e9s del Instituto Tamaulipeco de Infraestructura F\u00edsica Educativa (ITIFE) o del Gobierno Municipal, como la construcci\u00f3n de comedores y la rehabilitaci\u00f3n de espacios.<\/p>\n","protected":false},"excerpt":{"rendered":"<p>PUENTE INFORMATIVO\/Soto la Marina Con el prop\u00f3sito de que las escuelas cuenten con las mejores condiciones posibles para un exitoso proceso de ense\u00f1anza-aprendizaje, el secretario de Educaci\u00f3n de Tamaulipas, Miguel \u00c1ngel Valdez Garc\u00eda, se reuni\u00f3 con comunidades escolares del municipio de Soto la Marina. En el marco del inicio de clases del ciclo escolar 2026-2027, [&hellip;]<\/p>\n","protected":false},"author":3,"featured_media":28304,"comment_status":"closed","ping_status":"closed","sticky":false,"template":"","format":"standard","meta":{"om_disable_all_campaigns":false,"_monsterinsights_skip_tracking":false,"_monsterinsights_sitenote_active":false,"_monsterinsights_sitenote_note":"","_monsterinsights_sitenote_category":0,"footnotes":""},"categories":[24],"tags":[],"aioseo_notices":[],"blog_post_layout_featured_media_urls":{"thumbnail":["https:\/\/puenteinformativo.info\/wp-content\/uploads\/2026\/09\/SET-142-2026.-Escucha-y-atiende-titular-de-la-SET-a-comunidades-escolares-de-Soto-la-Marina-4-150x150.jpeg",150,150,true],"full":["https:\/\/puenteinformativo.info\/wp-content\/uploads\/2026\/09\/SET-142-2026.-Escucha-y-atiende-titular-de-la-SET-a-comunidades-escolares-de-Soto-la-Marina-4.jpeg",1600,1067,false]},"categories_names":{"24":{"name":"TAMAULIPAS","link":"https:\/\/puenteinformativo.info\/index.php\/category\/tamaulipas\/"}},"tags_names":[],"comments_number":"0","wpmagazine_modules_lite_featured_media_urls":{"thumbnail":["https:\/\/puenteinformativo.info\/wp-content\/uploads\/2026\/09\/SET-142-2026.-Escucha-y-atiende-titular-de-la-SET-a-comunidades-escolares-de-Soto-la-Marina-4-150x150.jpeg",150,150,true],"cvmm-medium":["https:\/\/puenteinformativo.info\/wp-content\/uploads\/2026\/09\/SET-142-2026.-Escucha-y-atiende-titular-de-la-SET-a-comunidades-escolares-de-Soto-la-Marina-4-300x300.jpeg",300,300,true],"cvmm-medium-plus":["https:\/\/puenteinformativo.info\/wp-content\/uploads\/2026\/09\/SET-142-2026.-Escucha-y-atiende-titular-de-la-SET-a-comunidades-escolares-de-Soto-la-Marina-4-305x207.jpeg",305,207,true],"cvmm-portrait":["https:\/\/puenteinformativo.info\/wp-content\/uploads\/2026\/09\/SET-142-2026.-Escucha-y-atiende-titular-de-la-SET-a-comunidades-escolares-de-Soto-la-Marina-4-400x600.jpeg",400,600,true],"cvmm-medium-square":["https:\/\/puenteinformativo.info\/wp-content\/uploads\/2026\/09\/SET-142-2026.-Escucha-y-atiende-titular-de-la-SET-a-comunidades-escolares-de-Soto-la-Marina-4-600x600.jpeg",600,600,true],"cvmm-large":["https:\/\/puenteinformativo.info\/wp-content\/uploads\/2026\/09\/SET-142-2026.-Escucha-y-atiende-titular-de-la-SET-a-comunidades-escolares-de-Soto-la-Marina-4-1024x1024.jpeg",1024,1024,true],"cvmm-small":["https:\/\/puenteinformativo.info\/wp-content\/uploads\/2026\/09\/SET-142-2026.-Escucha-y-atiende-titular-de-la-SET-a-comunidades-escolares-de-Soto-la-Marina-4-130x95.jpeg",130,95,true],"full":["https:\/\/puenteinformativo.info\/wp-content\/uploads\/2026\/09\/SET-142-2026.-Escucha-y-atiende-titular-de-la-SET-a-comunidades-escolares-de-Soto-la-Marina-4.jpeg",1600,1067,false]},"_links":{"self":[{"href":"https:\/\/puenteinformativo.info\/index.php\/wp-json\/wp\/v2\/posts\/28303"}],"collection":[{"href":"https:\/\/puenteinformativo.info\/index.php\/wp-json\/wp\/v2\/posts"}],"about":[{"href":"https:\/\/puenteinformativo.info\/index.php\/wp-json\/wp\/v2\/types\/post"}],"author":[{"embeddable":true,"href":"https:\/\/puenteinformativo.info\/index.php\/wp-json\/wp\/v2\/users\/3"}],"replies":[{"embeddable":true,"href":"https:\/\/puenteinformativo.info\/index.php\/wp-json\/wp\/v2\/comments?post=28303"}],"version-history":[{"count":1,"href":"https:\/\/puenteinformativo.info\/index.php\/wp-json\/wp\/v2\/posts\/28303\/revisions"}],"predecessor-version":[{"id":28305,"href":"https:\/\/puenteinformativo.info\/index.php\/wp-json\/wp\/v2\/posts\/28303\/revisions\/28305"}],"wp:featuredmedia":[{"embeddable":true,"href":"https:\/\/puenteinformativo.info\/index.php\/wp-json\/wp\/v2\/media\/28304"}],"wp:attachment":[{"href":"https:\/\/puenteinformativo.info\/index.php\/wp-json\/wp\/v2\/media?parent=28303"}],"wp:term":[{"taxonomy":"category","embeddable":true,"href":"https:\/\/puenteinformativo.info\/index.php\/wp-json\/wp\/v2\/categories?post=28303"},{"taxonomy":"post_tag","embeddable":true,"href":"https:\/\/puenteinformativo.info\/index.php\/wp-json\/wp\/v2\/tags?post=28303"}],"curies":[{"name":"wp","href":"https:\/\/api.w.org\/{rel}","templated":true}]}}