{"id":28297,"date":"2026-09-03T12:27:17","date_gmt":"2026-09-03T17:27:17","guid":{"rendered":"https:\/\/puenteinformativo.info\/?p=28297"},"modified":"2026-09-03T12:32:26","modified_gmt":"2026-09-03T17:32:26","slug":"tamaulipas-fortalece-su-participacion-tecnica-y-academica-en-el-analisis-de-los-recursos-no-convencionales-en-mexico","status":"publish","type":"post","link":"https:\/\/puenteinformativo.info\/index.php\/2026\/09\/03\/tamaulipas-fortalece-su-participacion-tecnica-y-academica-en-el-analisis-de-los-recursos-no-convencionales-en-mexico\/","title":{"rendered":"Tamaulipas fortalece su participaci\u00f3n t\u00e9cnica y acad\u00e9mica en el an\u00e1lisis de los recursos no convencionales en M\u00e9xico"},"content":{"rendered":"\n<p>PUENTE INFORMATIVO\/Tampico<\/p>\n\n\n\n<p>El Gobierno del Estado de Tamaulipas, bajo la visi\u00f3n del gobernador Am\u00e9rico Villarreal Anaya, levanta la mano para seguir contribuyendo en las aportaciones t\u00e9cnicas, cient\u00edficas y acad\u00e9micas para el an\u00e1lisis de las perspectivas de los Recursos No Convencionales en M\u00e9xico.<\/p>\n\n\n\n<p>Por ello, el secretario de Desarrollo Energ\u00e9tico del Estado, Walter Juli\u00e1n \u00c1ngel Jim\u00e9nez, inaugur\u00f3 la segunda edici\u00f3n de este debate con el Foro: \u201cTamaulipas y el futuro de los Recursos No Convencionales en M\u00e9xico\u201d, que se realiz\u00f3 en el Auditorio Interactivo de la Facultad de Ingenier\u00eda de la Universidad Aut\u00f3noma de Tamaulipas en Tampico.<\/p>\n\n\n\n<p>En este espacio, el titular de la SEDENER destac\u00f3 que Tamaulipas contin\u00faa empujando el debate t\u00e9cnico y cient\u00edfico para encontrar las mejores contribuciones que apoyen al grupo de expertos dentro del proceso de levantamiento de informaci\u00f3n, asimismo, rumbo a procesos posteriores como la consulta p\u00fablica que ha instruido la presidenta de M\u00e9xico, Claudia Sheinbaum Pardo, respecto a las zonas con posibilidades de desarrollo.<\/p>\n\n\n\n<p>\u201cEste esfuerzo se suma al llamado de la presidenta Claudia Sheinbaum Pardo para impulsar el conocimiento, la innovaci\u00f3n y el desarrollo tecnol\u00f3gico como elementos fundamentales para el fortalecimiento de la soberan\u00eda y el desarrollo energ\u00e9tico de M\u00e9xico\u201d, se\u00f1al\u00f3.<\/p>\n\n\n\n<p>Asimismo, se\u00f1al\u00f3 que se analizar\u00e1n las perspectivas de los Recursos No Convencionales en el pa\u00eds, as\u00ed como las nuevas tecnolog\u00edas, seguridad energ\u00e9tica, investigaciones y aportaciones cient\u00edficas que pueden contribuir al desarrollo responsable del sector energ\u00e9tico y de la pol\u00edtica p\u00fablica del pa\u00eds.<\/p>\n\n\n\n<p>En la inauguraci\u00f3n del foro tambi\u00e9n estuvieron presentes, en representaci\u00f3n del rector de la UAT, D\u00e1maso Anaya Alvarado, el director de la Facultad de Ingenier\u00eda, Roberto Pichardo Ram\u00edrez; el diputado Francisco Adri\u00e1n Cruz Mart\u00ednez; el director del<\/p>\n\n\n\n<p>Instituto Tecnol\u00f3gico de Ciudad Madero, Juan Dionisio Cruz; y el subsecretario de Hidrocarburos, Gobirish Mireles y Malpica.<\/p>\n","protected":false},"excerpt":{"rendered":"<p>PUENTE INFORMATIVO\/Tampico El Gobierno del Estado de Tamaulipas, bajo la visi\u00f3n del gobernador Am\u00e9rico Villarreal Anaya, levanta la mano para seguir contribuyendo en las aportaciones t\u00e9cnicas, cient\u00edficas y acad\u00e9micas para el an\u00e1lisis de las perspectivas de los Recursos No Convencionales en M\u00e9xico. Por ello, el secretario de Desarrollo Energ\u00e9tico del Estado, Walter Juli\u00e1n \u00c1ngel Jim\u00e9nez, [&hellip;]<\/p>\n","protected":false},"author":3,"featured_media":28298,"comment_status":"closed","ping_status":"closed","sticky":false,"template":"","format":"standard","meta":{"om_disable_all_campaigns":false,"_monsterinsights_skip_tracking":false,"_monsterinsights_sitenote_active":false,"_monsterinsights_sitenote_note":"","_monsterinsights_sitenote_category":0,"footnotes":""},"categories":[24],"tags":[],"aioseo_notices":[],"blog_post_layout_featured_media_urls":{"thumbnail":["https:\/\/puenteinformativo.info\/wp-content\/uploads\/2026\/09\/SDE-072-2026.-Tamaulipas-fortalece-su-participacion-tecnica-y-academica-en-el-analisis-de-los-recursos-no-convencionales-en-Mexico-3-3-150x150.jpeg",150,150,true],"full":["https:\/\/puenteinformativo.info\/wp-content\/uploads\/2026\/09\/SDE-072-2026.-Tamaulipas-fortalece-su-participacion-tecnica-y-academica-en-el-analisis-de-los-recursos-no-convencionales-en-Mexico-3-3.jpeg",1600,1066,false]},"categories_names":{"24":{"name":"TAMAULIPAS","link":"https:\/\/puenteinformativo.info\/index.php\/category\/tamaulipas\/"}},"tags_names":[],"comments_number":"0","wpmagazine_modules_lite_featured_media_urls":{"thumbnail":["https:\/\/puenteinformativo.info\/wp-content\/uploads\/2026\/09\/SDE-072-2026.-Tamaulipas-fortalece-su-participacion-tecnica-y-academica-en-el-analisis-de-los-recursos-no-convencionales-en-Mexico-3-3-150x150.jpeg",150,150,true],"cvmm-medium":["https:\/\/puenteinformativo.info\/wp-content\/uploads\/2026\/09\/SDE-072-2026.-Tamaulipas-fortalece-su-participacion-tecnica-y-academica-en-el-analisis-de-los-recursos-no-convencionales-en-Mexico-3-3-300x300.jpeg",300,300,true],"cvmm-medium-plus":["https:\/\/puenteinformativo.info\/wp-content\/uploads\/2026\/09\/SDE-072-2026.-Tamaulipas-fortalece-su-participacion-tecnica-y-academica-en-el-analisis-de-los-recursos-no-convencionales-en-Mexico-3-3-305x207.jpeg",305,207,true],"cvmm-portrait":["https:\/\/puenteinformativo.info\/wp-content\/uploads\/2026\/09\/SDE-072-2026.-Tamaulipas-fortalece-su-participacion-tecnica-y-academica-en-el-analisis-de-los-recursos-no-convencionales-en-Mexico-3-3-400x600.jpeg",400,600,true],"cvmm-medium-square":["https:\/\/puenteinformativo.info\/wp-content\/uploads\/2026\/09\/SDE-072-2026.-Tamaulipas-fortalece-su-participacion-tecnica-y-academica-en-el-analisis-de-los-recursos-no-convencionales-en-Mexico-3-3-600x600.jpeg",600,600,true],"cvmm-large":["https:\/\/puenteinformativo.info\/wp-content\/uploads\/2026\/09\/SDE-072-2026.-Tamaulipas-fortalece-su-participacion-tecnica-y-academica-en-el-analisis-de-los-recursos-no-convencionales-en-Mexico-3-3-1024x1024.jpeg",1024,1024,true],"cvmm-small":["https:\/\/puenteinformativo.info\/wp-content\/uploads\/2026\/09\/SDE-072-2026.-Tamaulipas-fortalece-su-participacion-tecnica-y-academica-en-el-analisis-de-los-recursos-no-convencionales-en-Mexico-3-3-130x95.jpeg",130,95,true],"full":["https:\/\/puenteinformativo.info\/wp-content\/uploads\/2026\/09\/SDE-072-2026.-Tamaulipas-fortalece-su-participacion-tecnica-y-academica-en-el-analisis-de-los-recursos-no-convencionales-en-Mexico-3-3.jpeg",1600,1066,false]},"_links":{"self":[{"href":"https:\/\/puenteinformativo.info\/index.php\/wp-json\/wp\/v2\/posts\/28297"}],"collection":[{"href":"https:\/\/puenteinformativo.info\/index.php\/wp-json\/wp\/v2\/posts"}],"about":[{"href":"https:\/\/puenteinformativo.info\/index.php\/wp-json\/wp\/v2\/types\/post"}],"author":[{"embeddable":true,"href":"https:\/\/puenteinformativo.info\/index.php\/wp-json\/wp\/v2\/users\/3"}],"replies":[{"embeddable":true,"href":"https:\/\/puenteinformativo.info\/index.php\/wp-json\/wp\/v2\/comments?post=28297"}],"version-history":[{"count":1,"href":"https:\/\/puenteinformativo.info\/index.php\/wp-json\/wp\/v2\/posts\/28297\/revisions"}],"predecessor-version":[{"id":28299,"href":"https:\/\/puenteinformativo.info\/index.php\/wp-json\/wp\/v2\/posts\/28297\/revisions\/28299"}],"wp:featuredmedia":[{"embeddable":true,"href":"https:\/\/puenteinformativo.info\/index.php\/wp-json\/wp\/v2\/media\/28298"}],"wp:attachment":[{"href":"https:\/\/puenteinformativo.info\/index.php\/wp-json\/wp\/v2\/media?parent=28297"}],"wp:term":[{"taxonomy":"category","embeddable":true,"href":"https:\/\/puenteinformativo.info\/index.php\/wp-json\/wp\/v2\/categories?post=28297"},{"taxonomy":"post_tag","embeddable":true,"href":"https:\/\/puenteinformativo.info\/index.php\/wp-json\/wp\/v2\/tags?post=28297"}],"curies":[{"name":"wp","href":"https:\/\/api.w.org\/{rel}","templated":true}]}}