{"id":28289,"date":"2026-09-02T23:53:36","date_gmt":"2026-09-03T04:53:36","guid":{"rendered":"https:\/\/puenteinformativo.info\/?p=28289"},"modified":"2026-09-03T12:11:18","modified_gmt":"2026-09-03T17:11:18","slug":"a-la-carcel-luis-de-llano-macedo-por-incumpliento-de-condena-por-abuso-sexual-de-sasha-sokol-cuando-esta-era-aun-menor-de-edad","status":"publish","type":"post","link":"https:\/\/puenteinformativo.info\/index.php\/2026\/09\/02\/a-la-carcel-luis-de-llano-macedo-por-incumpliento-de-condena-por-abuso-sexual-de-sasha-sokol-cuando-esta-era-aun-menor-de-edad\/","title":{"rendered":"A la carcel Luis de LLano Macedo por incumplimiento de condena por abuso sexual de Sasha Sokol cuando era menor de edad"},"content":{"rendered":"\n<p>PUENTE INFORMATVO\/CDMX<\/p>\n\n\n\n<p>El productor de televisi\u00f3n  Luis de Llano Macedo, fue detenido la tarde de este mi\u00e9rcoles a las 15 horas por elementos de la Secretar\u00eda de Seguridad Ciudadana de la CDMX y trasladado al Centro de Sanciones Administrativas y Reintegraci\u00f3n Social San Fernando.<\/p>\n\n\n\n<p>Esto al dar cumplimiento a dos \u00f3rdenes emitidas por una jueza del Tribunal Superior de Justicia, ante la resistencia del condenado a cumplir con lo ordenado en una sentencia definitiva e inacatable de la Suprema Corte de Justicia de la Nacional (SCJN), seg\u00fan informo, por medio de un comunicado, el equipo de representaci\u00f3n legal de Sasha Marianne S\u00f6kol Cuillery<\/p>\n\n\n\n<p>Asi mismo, por desacato, y no grabar y exhibir al juzgado una disculpa p\u00fablica por abusar sexualmente de la integrante del grupo Timbiriche cuando era menor de edad. <\/p>\n\n\n\n<p>A decir de la misiva, cada una de estas resoluciones judiciales le imponen un arrestro por 15 horas acumulables.<\/p>\n\n\n\n<p>A trav\u00e9s del comunicado de prensa la defensa de Sokol se\u00f1al\u00f3 que este arresto no es un hecho aislado ni sorpresivo y llega despu\u00e9s de meses de incumplimiento, multas ignoradas y m\u00faltiples requerimientos de la juez que Luis de Llano desatendi\u00f3.<\/p>\n\n\n\n<p>Las \u00f3rdenes de arrestro \u201cson medidas de apremio por dos incumplimientos distintos y por separado derivados de la sentencia de la SCJN: \u201cDe Llano se ha negado a grabar y exhibir al juzgado una disculpa p\u00fablica dirigida a Sasha Sokol, y el condenado se ha negado, tambi\u00e9n, a publicar la s\u00edntesis de la sentencia donde confirm\u00f3 su responsabilidad por da\u00f1o moral en contra de Sokol, al haber comprobado que fue v\u00edctima de abuso sexual siendo menor de edad\u201d.<\/p>\n\n\n\n<p>Cabe se\u00f1alar que, las medidas de apremio son herramientas que establece la ley para obligar a una persona a acatar las \u00f3rdenes judiciales, que contemplan diversas medidas, desde multas, hasta el arrestro administrativo de hasta 36 horas.<\/p>\n\n\n\n<p>De continuar con el incumplimiento de la setencia y el desaf\u00eda sistem\u00e1tico de las \u00f3rdenes judiciales, comentaron en el texto los abogados de Sokol, podr\u00eda configurarse un delito que implica hasta cinco a\u00f1os de prisi\u00f3n.<\/p>\n","protected":false},"excerpt":{"rendered":"<p>PUENTE INFORMATVO\/CDMX El productor de televisi\u00f3n Luis de Llano Macedo, fue detenido la tarde de este mi\u00e9rcoles a las 15 horas por elementos de la Secretar\u00eda de Seguridad Ciudadana de la CDMX y trasladado al Centro de Sanciones Administrativas y Reintegraci\u00f3n Social San Fernando. Esto al dar cumplimiento a dos \u00f3rdenes emitidas por una jueza [&hellip;]<\/p>\n","protected":false},"author":3,"featured_media":28290,"comment_status":"closed","ping_status":"closed","sticky":false,"template":"","format":"standard","meta":{"om_disable_all_campaigns":false,"_monsterinsights_skip_tracking":false,"_monsterinsights_sitenote_active":false,"_monsterinsights_sitenote_note":"","_monsterinsights_sitenote_category":0,"footnotes":""},"categories":[11],"tags":[],"aioseo_notices":[],"blog_post_layout_featured_media_urls":{"thumbnail":["https:\/\/puenteinformativo.info\/wp-content\/uploads\/2026\/09\/luis-de-llano-detenido-caso-sasha-sokol-720x450-1-150x150.jpg",150,150,true],"full":["https:\/\/puenteinformativo.info\/wp-content\/uploads\/2026\/09\/luis-de-llano-detenido-caso-sasha-sokol-720x450-1.jpg",720,450,false]},"categories_names":{"11":{"name":"NACIONAL","link":"https:\/\/puenteinformativo.info\/index.php\/category\/nacional\/"}},"tags_names":[],"comments_number":"0","wpmagazine_modules_lite_featured_media_urls":{"thumbnail":["https:\/\/puenteinformativo.info\/wp-content\/uploads\/2026\/09\/luis-de-llano-detenido-caso-sasha-sokol-720x450-1-150x150.jpg",150,150,true],"cvmm-medium":["https:\/\/puenteinformativo.info\/wp-content\/uploads\/2026\/09\/luis-de-llano-detenido-caso-sasha-sokol-720x450-1-300x300.jpg",300,300,true],"cvmm-medium-plus":["https:\/\/puenteinformativo.info\/wp-content\/uploads\/2026\/09\/luis-de-llano-detenido-caso-sasha-sokol-720x450-1-305x207.jpg",305,207,true],"cvmm-portrait":["https:\/\/puenteinformativo.info\/wp-content\/uploads\/2026\/09\/luis-de-llano-detenido-caso-sasha-sokol-720x450-1-400x450.jpg",400,450,true],"cvmm-medium-square":["https:\/\/puenteinformativo.info\/wp-content\/uploads\/2026\/09\/luis-de-llano-detenido-caso-sasha-sokol-720x450-1-600x450.jpg",600,450,true],"cvmm-large":["https:\/\/puenteinformativo.info\/wp-content\/uploads\/2026\/09\/luis-de-llano-detenido-caso-sasha-sokol-720x450-1.jpg",720,450,false],"cvmm-small":["https:\/\/puenteinformativo.info\/wp-content\/uploads\/2026\/09\/luis-de-llano-detenido-caso-sasha-sokol-720x450-1-130x95.jpg",130,95,true],"full":["https:\/\/puenteinformativo.info\/wp-content\/uploads\/2026\/09\/luis-de-llano-detenido-caso-sasha-sokol-720x450-1.jpg",720,450,false]},"_links":{"self":[{"href":"https:\/\/puenteinformativo.info\/index.php\/wp-json\/wp\/v2\/posts\/28289"}],"collection":[{"href":"https:\/\/puenteinformativo.info\/index.php\/wp-json\/wp\/v2\/posts"}],"about":[{"href":"https:\/\/puenteinformativo.info\/index.php\/wp-json\/wp\/v2\/types\/post"}],"author":[{"embeddable":true,"href":"https:\/\/puenteinformativo.info\/index.php\/wp-json\/wp\/v2\/users\/3"}],"replies":[{"embeddable":true,"href":"https:\/\/puenteinformativo.info\/index.php\/wp-json\/wp\/v2\/comments?post=28289"}],"version-history":[{"count":2,"href":"https:\/\/puenteinformativo.info\/index.php\/wp-json\/wp\/v2\/posts\/28289\/revisions"}],"predecessor-version":[{"id":28293,"href":"https:\/\/puenteinformativo.info\/index.php\/wp-json\/wp\/v2\/posts\/28289\/revisions\/28293"}],"wp:featuredmedia":[{"embeddable":true,"href":"https:\/\/puenteinformativo.info\/index.php\/wp-json\/wp\/v2\/media\/28290"}],"wp:attachment":[{"href":"https:\/\/puenteinformativo.info\/index.php\/wp-json\/wp\/v2\/media?parent=28289"}],"wp:term":[{"taxonomy":"category","embeddable":true,"href":"https:\/\/puenteinformativo.info\/index.php\/wp-json\/wp\/v2\/categories?post=28289"},{"taxonomy":"post_tag","embeddable":true,"href":"https:\/\/puenteinformativo.info\/index.php\/wp-json\/wp\/v2\/tags?post=28289"}],"curies":[{"name":"wp","href":"https:\/\/api.w.org\/{rel}","templated":true}]}}