{"id":28275,"date":"2026-09-02T22:08:10","date_gmt":"2026-09-03T03:08:10","guid":{"rendered":"https:\/\/puenteinformativo.info\/?p=28275"},"modified":"2026-09-02T22:13:03","modified_gmt":"2026-09-03T03:13:03","slug":"trabajadores-descansaran-15-y-16-de-septiembre","status":"publish","type":"post","link":"https:\/\/puenteinformativo.info\/index.php\/2026\/09\/02\/trabajadores-descansaran-15-y-16-de-septiembre\/","title":{"rendered":"Trabajadores descansaran 15 y 16 de septiembre"},"content":{"rendered":"\n<p>PUENTE INFORMATIVO\/CDMX<\/p>\n\n\n\n<p>Habr\u00e1 descanso para trabajadores el 15 y 16 de septiembre de 2026, La cercan\u00eda de las Fiestas Patrias genera dudas entre trabajadores y estudiantes sobre los d\u00edas de descanso.<\/p>\n\n\n\n<p>Pese a que ambas fechas forman parte de las celebraciones por la Independencia de M\u00e9xico, \u00fanicamente una est\u00e1 reconocida como descanso obligatorio por la legislaci\u00f3n laboral. El calendario escolar tambi\u00e9n establece condiciones diferentes para cada jornada.<\/p>\n\n\n\n<p>Para los trabajadores, el\u00a0martes 15 de septiembre ser\u00e1 un d\u00eda laboral normal.\u00a0El art\u00edculo 74 de la Ley Federal del Trabajo no incluye esta fecha entre los descansos obligatorios.<\/p>\n\n\n\n<p>Sin embargo, cada empresa o patr\u00f3n podr\u00e1 decidir si descansan o permiten que su personal salga antes. Esta medida depender\u00e1 de las reglas internas de cada centro de trabajo.<\/p>\n\n\n\n<p>En cambio, el mi\u00e9rcoles \u201316 de septiembre- s\u00ed tendr\u00e1 car\u00e1cter de descanso obligatorio\u00a0en todo M\u00e9xico, seg\u00fan la\u00a0-Ley Federal del Trabajo-.<\/p>\n\n\n\n<p>Debido a que la fecha caer\u00e1 a -mitad de semana-, no se formar\u00e1 un puente de varios d\u00edas. La pausa laboral se limitar\u00e1 al mi\u00e9rcoles, salvo que una -empresa establezca- condiciones distintas para su personal.<\/p>\n\n\n\n<p>Asimismo, las escuelas de educaci\u00f3n b\u00e1sica suspender\u00e1n clases durante esa jornada, seg\u00fan lo -se\u00f1alado en el calendario oficial de la\u00a0SEP-.<\/p>\n\n\n\n<p>La normativa laboral protege a quienes cubren turnos en fechas festivas, estipulando que percibir\u00e1n su sueldo regular sumado a una compensaci\u00f3n\u00a0doble por sus horas prestadas.<\/p>\n\n\n\n<p><\/p>\n\n\n\n<p><\/p>\n","protected":false},"excerpt":{"rendered":"<p>PUENTE INFORMATIVO\/CDMX Habr\u00e1 descanso para trabajadores el 15 y 16 de septiembre de 2026, La cercan\u00eda de las Fiestas Patrias genera dudas entre trabajadores y estudiantes sobre los d\u00edas de descanso. Pese a que ambas fechas forman parte de las celebraciones por la Independencia de M\u00e9xico, \u00fanicamente una est\u00e1 reconocida como descanso obligatorio por la [&hellip;]<\/p>\n","protected":false},"author":3,"featured_media":28278,"comment_status":"closed","ping_status":"closed","sticky":false,"template":"","format":"standard","meta":{"om_disable_all_campaigns":false,"_monsterinsights_skip_tracking":false,"_monsterinsights_sitenote_active":false,"_monsterinsights_sitenote_note":"","_monsterinsights_sitenote_category":0,"footnotes":""},"categories":[11],"tags":[],"aioseo_notices":[],"blog_post_layout_featured_media_urls":{"thumbnail":["https:\/\/puenteinformativo.info\/wp-content\/uploads\/2026\/09\/images-4-1-150x150.jpg",150,150,true],"full":["https:\/\/puenteinformativo.info\/wp-content\/uploads\/2026\/09\/images-4-1.jpg",447,447,false]},"categories_names":{"11":{"name":"NACIONAL","link":"https:\/\/puenteinformativo.info\/index.php\/category\/nacional\/"}},"tags_names":[],"comments_number":"0","wpmagazine_modules_lite_featured_media_urls":{"thumbnail":["https:\/\/puenteinformativo.info\/wp-content\/uploads\/2026\/09\/images-4-1-150x150.jpg",150,150,true],"cvmm-medium":["https:\/\/puenteinformativo.info\/wp-content\/uploads\/2026\/09\/images-4-1-300x300.jpg",300,300,true],"cvmm-medium-plus":["https:\/\/puenteinformativo.info\/wp-content\/uploads\/2026\/09\/images-4-1-305x207.jpg",305,207,true],"cvmm-portrait":["https:\/\/puenteinformativo.info\/wp-content\/uploads\/2026\/09\/images-4-1-400x447.jpg",400,447,true],"cvmm-medium-square":["https:\/\/puenteinformativo.info\/wp-content\/uploads\/2026\/09\/images-4-1.jpg",447,447,false],"cvmm-large":["https:\/\/puenteinformativo.info\/wp-content\/uploads\/2026\/09\/images-4-1.jpg",447,447,false],"cvmm-small":["https:\/\/puenteinformativo.info\/wp-content\/uploads\/2026\/09\/images-4-1-130x95.jpg",130,95,true],"full":["https:\/\/puenteinformativo.info\/wp-content\/uploads\/2026\/09\/images-4-1.jpg",447,447,false]},"_links":{"self":[{"href":"https:\/\/puenteinformativo.info\/index.php\/wp-json\/wp\/v2\/posts\/28275"}],"collection":[{"href":"https:\/\/puenteinformativo.info\/index.php\/wp-json\/wp\/v2\/posts"}],"about":[{"href":"https:\/\/puenteinformativo.info\/index.php\/wp-json\/wp\/v2\/types\/post"}],"author":[{"embeddable":true,"href":"https:\/\/puenteinformativo.info\/index.php\/wp-json\/wp\/v2\/users\/3"}],"replies":[{"embeddable":true,"href":"https:\/\/puenteinformativo.info\/index.php\/wp-json\/wp\/v2\/comments?post=28275"}],"version-history":[{"count":1,"href":"https:\/\/puenteinformativo.info\/index.php\/wp-json\/wp\/v2\/posts\/28275\/revisions"}],"predecessor-version":[{"id":28277,"href":"https:\/\/puenteinformativo.info\/index.php\/wp-json\/wp\/v2\/posts\/28275\/revisions\/28277"}],"wp:featuredmedia":[{"embeddable":true,"href":"https:\/\/puenteinformativo.info\/index.php\/wp-json\/wp\/v2\/media\/28278"}],"wp:attachment":[{"href":"https:\/\/puenteinformativo.info\/index.php\/wp-json\/wp\/v2\/media?parent=28275"}],"wp:term":[{"taxonomy":"category","embeddable":true,"href":"https:\/\/puenteinformativo.info\/index.php\/wp-json\/wp\/v2\/categories?post=28275"},{"taxonomy":"post_tag","embeddable":true,"href":"https:\/\/puenteinformativo.info\/index.php\/wp-json\/wp\/v2\/tags?post=28275"}],"curies":[{"name":"wp","href":"https:\/\/api.w.org\/{rel}","templated":true}]}}