{"id":28272,"date":"2026-09-02T21:58:27","date_gmt":"2026-09-03T02:58:27","guid":{"rendered":"https:\/\/puenteinformativo.info\/?p=28272"},"modified":"2026-09-02T22:04:06","modified_gmt":"2026-09-03T03:04:06","slug":"leon-xiv-anuncia-visita-por-argentina","status":"publish","type":"post","link":"https:\/\/puenteinformativo.info\/index.php\/2026\/09\/02\/leon-xiv-anuncia-visita-por-argentina\/","title":{"rendered":"Le\u00f3n XIV anuncia visita por Argentina"},"content":{"rendered":"\n<p>PUENTE INFORMATIVO\/El Vaticano<\/p>\n\n\n\n<p>La visita que el\u00a0papa Le\u00f3n XIV\u00a0har\u00e1 en noviembre pr\u00f3ximo a\u00a0Argentina\u00a0incluir\u00e1 misas multitudinarias y reuniones con el presidente argentino,\u00a0Javier Milei,\u00a0y representantes de sindicatos y movimientos sociales, entre otras actividades incluidas en la agenda preliminar que por estos d\u00edas definen enviados de la\u00a0Santa Sede\u00a0al pa\u00eds suramericano.<\/p>\n\n\n\n<p>La comitiva vaticana, que lleg\u00f3 a\u00a0Buenos Aires\u00a0el pasado domingo y estar\u00e1 en\u00a0Argentina\u00a0hasta este jueves, ya se reuni\u00f3 con representantes de la\u00a0Conferencia Episcopal Argentina\u00a0y con autoridades del Gobierno de\u00a0Milei\u00a0y de los diversos distritos que ser\u00e1n escenario de la visita papal.<\/p>\n\n\n\n<p>Le\u00f3n XIV\u00a0llegar\u00e1 a\u00a0Buenos Aires\u00a0en la noche del domingo 8 de noviembre y desarrollar\u00e1 una intensa actividad durante todo el lunes 9 en la capital argentina.<\/p>\n\n\n\n<p>El martes 10 se trasladar\u00e1 a\u00a0C\u00f3rdoba\u00a0y el mi\u00e9rcoles 11 -\u00faltimo d\u00eda de su visita- estar\u00e1 en\u00a0Luj\u00e1n\u00a0(70 kil\u00f3metros al oeste de la capital argentina).<\/p>\n\n\n\n<p>Dentro de este itinerario, el sumo pont\u00edfice desplegar\u00e1 una agenda cargada de actividades que, por el momento, es preliminar y cuyo cronograma definitivo ser\u00e1 anunciado por el Vaticano en las pr\u00f3ximas semanas.<\/p>\n\n\n\n<p>Seg\u00fan informaron fuentes eclesi\u00e1sticas, en principio, apenas llegado a\u00a0Buenos Aires, el 8 de noviembre\u00a0Le\u00f3n XIV\u00a0se reunir\u00e1 con el presidente\u00a0Milei,\u00a0har\u00e1 un homenaje al general\u00a0Jos\u00e9 de San Mart\u00edn\u00a0-h\u00e9roe de la independencia de varios pa\u00edses sudamericanos- y participar\u00e1 de un encuentro con autoridades civiles y el cuerpo diplom\u00e1tico en el\u00a0Palacio Libertad.<\/p>\n\n\n\n<p>El lunes 9,\u00a0Le\u00f3n XIV\u00a0visitar\u00e1 el\u00a0Cottolengo Don Orione, una instituci\u00f3n cat\u00f3lica que acoge a discapacitados situada en\u00a0Claypole,\u00a0en la periferia sur de\u00a0Buenos Aires, y presidir\u00e1 una misa multitudinaria en el\u00a0Monumento a los Espa\u00f1oles, en el capitalino barrio de\u00a0Palermo.<\/p>\n","protected":false},"excerpt":{"rendered":"<p>PUENTE INFORMATIVO\/El Vaticano La visita que el\u00a0papa Le\u00f3n XIV\u00a0har\u00e1 en noviembre pr\u00f3ximo a\u00a0Argentina\u00a0incluir\u00e1 misas multitudinarias y reuniones con el presidente argentino,\u00a0Javier Milei,\u00a0y representantes de sindicatos y movimientos sociales, entre otras actividades incluidas en la agenda preliminar que por estos d\u00edas definen enviados de la\u00a0Santa Sede\u00a0al pa\u00eds suramericano. La comitiva vaticana, que lleg\u00f3 a\u00a0Buenos Aires\u00a0el pasado [&hellip;]<\/p>\n","protected":false},"author":3,"featured_media":28273,"comment_status":"closed","ping_status":"closed","sticky":false,"template":"","format":"standard","meta":{"om_disable_all_campaigns":false,"_monsterinsights_skip_tracking":false,"_monsterinsights_sitenote_active":false,"_monsterinsights_sitenote_note":"","_monsterinsights_sitenote_category":0,"footnotes":""},"categories":[10],"tags":[],"aioseo_notices":[],"blog_post_layout_featured_media_urls":{"thumbnail":["https:\/\/puenteinformativo.info\/wp-content\/uploads\/2026\/09\/leo-1-150x150.jpg",150,150,true],"full":["https:\/\/puenteinformativo.info\/wp-content\/uploads\/2026\/09\/leo-1.jpg",1480,833,false]},"categories_names":{"10":{"name":"INTERNACIONAL","link":"https:\/\/puenteinformativo.info\/index.php\/category\/internacional\/"}},"tags_names":[],"comments_number":"0","wpmagazine_modules_lite_featured_media_urls":{"thumbnail":["https:\/\/puenteinformativo.info\/wp-content\/uploads\/2026\/09\/leo-1-150x150.jpg",150,150,true],"cvmm-medium":["https:\/\/puenteinformativo.info\/wp-content\/uploads\/2026\/09\/leo-1-300x300.jpg",300,300,true],"cvmm-medium-plus":["https:\/\/puenteinformativo.info\/wp-content\/uploads\/2026\/09\/leo-1-305x207.jpg",305,207,true],"cvmm-portrait":["https:\/\/puenteinformativo.info\/wp-content\/uploads\/2026\/09\/leo-1-400x600.jpg",400,600,true],"cvmm-medium-square":["https:\/\/puenteinformativo.info\/wp-content\/uploads\/2026\/09\/leo-1-600x600.jpg",600,600,true],"cvmm-large":["https:\/\/puenteinformativo.info\/wp-content\/uploads\/2026\/09\/leo-1-1024x833.jpg",1024,833,true],"cvmm-small":["https:\/\/puenteinformativo.info\/wp-content\/uploads\/2026\/09\/leo-1-130x95.jpg",130,95,true],"full":["https:\/\/puenteinformativo.info\/wp-content\/uploads\/2026\/09\/leo-1.jpg",1480,833,false]},"_links":{"self":[{"href":"https:\/\/puenteinformativo.info\/index.php\/wp-json\/wp\/v2\/posts\/28272"}],"collection":[{"href":"https:\/\/puenteinformativo.info\/index.php\/wp-json\/wp\/v2\/posts"}],"about":[{"href":"https:\/\/puenteinformativo.info\/index.php\/wp-json\/wp\/v2\/types\/post"}],"author":[{"embeddable":true,"href":"https:\/\/puenteinformativo.info\/index.php\/wp-json\/wp\/v2\/users\/3"}],"replies":[{"embeddable":true,"href":"https:\/\/puenteinformativo.info\/index.php\/wp-json\/wp\/v2\/comments?post=28272"}],"version-history":[{"count":1,"href":"https:\/\/puenteinformativo.info\/index.php\/wp-json\/wp\/v2\/posts\/28272\/revisions"}],"predecessor-version":[{"id":28274,"href":"https:\/\/puenteinformativo.info\/index.php\/wp-json\/wp\/v2\/posts\/28272\/revisions\/28274"}],"wp:featuredmedia":[{"embeddable":true,"href":"https:\/\/puenteinformativo.info\/index.php\/wp-json\/wp\/v2\/media\/28273"}],"wp:attachment":[{"href":"https:\/\/puenteinformativo.info\/index.php\/wp-json\/wp\/v2\/media?parent=28272"}],"wp:term":[{"taxonomy":"category","embeddable":true,"href":"https:\/\/puenteinformativo.info\/index.php\/wp-json\/wp\/v2\/categories?post=28272"},{"taxonomy":"post_tag","embeddable":true,"href":"https:\/\/puenteinformativo.info\/index.php\/wp-json\/wp\/v2\/tags?post=28272"}],"curies":[{"name":"wp","href":"https:\/\/api.w.org\/{rel}","templated":true}]}}