{"id":28225,"date":"2026-09-01T20:10:24","date_gmt":"2026-09-02T01:10:24","guid":{"rendered":"https:\/\/puenteinformativo.info\/?p=28225"},"modified":"2026-09-01T20:20:06","modified_gmt":"2026-09-02T01:20:06","slug":"se-frustra-traspaso-de-lira-de-cruz-azul-al-as-de-monaco","status":"publish","type":"post","link":"https:\/\/puenteinformativo.info\/index.php\/2026\/09\/01\/se-frustra-traspaso-de-lira-de-cruz-azul-al-as-de-monaco\/","title":{"rendered":"Se frustra traspaso de Lira de Cruz Azul al As de M\u00f3naco"},"content":{"rendered":"\n<p>PUENTE INFORMATIVO\/CDMX<\/p>\n\n\n\n<p>El\u00a0traspaso\u00a0del mediocampista mexicano\u00a0Erik Lira\u00a0al\u00a0AS M\u00f3naco se frustr\u00f3\u00a0al mediod\u00eda del\u00a0martes 1 de septiembre de 2026.<\/p>\n\n\n\n<p>A pesar de que las negociaciones se encontraban pr\u00e1cticamente concluidas, el jugador de 26 a\u00f1os de edad no saldr\u00e1 de Cruz Azul y deber\u00e1 continuar en la Liga MX.<\/p>\n\n\n\n<p>De acuerdo con reportes de Adri\u00e1n Esparza Oteo, periodista de TUDN, dicho traspaso se frustr\u00f3 en los \u00faltimos minutos del mercado, pese a que el mediocampista mexicano ya hab\u00eda presentado los ex\u00e1menes m\u00e9dicos de rigor.<\/p>\n\n\n\n<p>La causa para que no se concretara la transferencia fue la imposibilidad del club monegasco para liberar a tiempo la plaza de jugador extranjero que se requer\u00eda para efectuar la inscripci\u00f3n formal de Lira ante la Ligue 1.<\/p>\n\n\n\n<p>El seleccionado nacional, cuyo valor de mercado se sit\u00faa en 14 millones de euros seg\u00fan el portal Transfermarkt, fue una de las figuras m\u00e1s destacadas de la Selecci\u00f3n Mexicana durante el Mundial 2026.<\/p>\n\n\n\n<p>Tras sus actuaciones en la justa mundialista de Norteam\u00e9rica, Erik Lira rechaz\u00f3 una oferta millonaria proveniente del futbol de Emiratos \u00c1rabes Unidos con la meta prioritaria de dar el salto al balompi\u00e9 europeo, aspiraci\u00f3n que por ahora queda postergada al mantenerse en las filas del conjunto cementero.<\/p>\n","protected":false},"excerpt":{"rendered":"<p>PUENTE INFORMATIVO\/CDMX El\u00a0traspaso\u00a0del mediocampista mexicano\u00a0Erik Lira\u00a0al\u00a0AS M\u00f3naco se frustr\u00f3\u00a0al mediod\u00eda del\u00a0martes 1 de septiembre de 2026. A pesar de que las negociaciones se encontraban pr\u00e1cticamente concluidas, el jugador de 26 a\u00f1os de edad no saldr\u00e1 de Cruz Azul y deber\u00e1 continuar en la Liga MX. De acuerdo con reportes de Adri\u00e1n Esparza Oteo, periodista de [&hellip;]<\/p>\n","protected":false},"author":3,"featured_media":28226,"comment_status":"closed","ping_status":"closed","sticky":false,"template":"","format":"standard","meta":{"om_disable_all_campaigns":false,"_monsterinsights_skip_tracking":false,"_monsterinsights_sitenote_active":false,"_monsterinsights_sitenote_note":"","_monsterinsights_sitenote_category":0,"footnotes":""},"categories":[8],"tags":[],"aioseo_notices":[],"blog_post_layout_featured_media_urls":{"thumbnail":["https:\/\/puenteinformativo.info\/wp-content\/uploads\/2026\/09\/images-2-150x150.jpg",150,150,true],"full":["https:\/\/puenteinformativo.info\/wp-content\/uploads\/2026\/09\/images-2.jpg",399,501,false]},"categories_names":{"8":{"name":"DEPORTES","link":"https:\/\/puenteinformativo.info\/index.php\/category\/deportes\/"}},"tags_names":[],"comments_number":"0","wpmagazine_modules_lite_featured_media_urls":{"thumbnail":["https:\/\/puenteinformativo.info\/wp-content\/uploads\/2026\/09\/images-2-150x150.jpg",150,150,true],"cvmm-medium":["https:\/\/puenteinformativo.info\/wp-content\/uploads\/2026\/09\/images-2-300x300.jpg",300,300,true],"cvmm-medium-plus":["https:\/\/puenteinformativo.info\/wp-content\/uploads\/2026\/09\/images-2-305x207.jpg",305,207,true],"cvmm-portrait":["https:\/\/puenteinformativo.info\/wp-content\/uploads\/2026\/09\/images-2.jpg",399,501,false],"cvmm-medium-square":["https:\/\/puenteinformativo.info\/wp-content\/uploads\/2026\/09\/images-2.jpg",399,501,false],"cvmm-large":["https:\/\/puenteinformativo.info\/wp-content\/uploads\/2026\/09\/images-2.jpg",399,501,false],"cvmm-small":["https:\/\/puenteinformativo.info\/wp-content\/uploads\/2026\/09\/images-2-130x95.jpg",130,95,true],"full":["https:\/\/puenteinformativo.info\/wp-content\/uploads\/2026\/09\/images-2.jpg",399,501,false]},"_links":{"self":[{"href":"https:\/\/puenteinformativo.info\/index.php\/wp-json\/wp\/v2\/posts\/28225"}],"collection":[{"href":"https:\/\/puenteinformativo.info\/index.php\/wp-json\/wp\/v2\/posts"}],"about":[{"href":"https:\/\/puenteinformativo.info\/index.php\/wp-json\/wp\/v2\/types\/post"}],"author":[{"embeddable":true,"href":"https:\/\/puenteinformativo.info\/index.php\/wp-json\/wp\/v2\/users\/3"}],"replies":[{"embeddable":true,"href":"https:\/\/puenteinformativo.info\/index.php\/wp-json\/wp\/v2\/comments?post=28225"}],"version-history":[{"count":1,"href":"https:\/\/puenteinformativo.info\/index.php\/wp-json\/wp\/v2\/posts\/28225\/revisions"}],"predecessor-version":[{"id":28227,"href":"https:\/\/puenteinformativo.info\/index.php\/wp-json\/wp\/v2\/posts\/28225\/revisions\/28227"}],"wp:featuredmedia":[{"embeddable":true,"href":"https:\/\/puenteinformativo.info\/index.php\/wp-json\/wp\/v2\/media\/28226"}],"wp:attachment":[{"href":"https:\/\/puenteinformativo.info\/index.php\/wp-json\/wp\/v2\/media?parent=28225"}],"wp:term":[{"taxonomy":"category","embeddable":true,"href":"https:\/\/puenteinformativo.info\/index.php\/wp-json\/wp\/v2\/categories?post=28225"},{"taxonomy":"post_tag","embeddable":true,"href":"https:\/\/puenteinformativo.info\/index.php\/wp-json\/wp\/v2\/tags?post=28225"}],"curies":[{"name":"wp","href":"https:\/\/api.w.org\/{rel}","templated":true}]}}