{"id":28221,"date":"2026-09-01T19:51:55","date_gmt":"2026-09-02T00:51:55","guid":{"rendered":"https:\/\/puenteinformativo.info\/?p=28221"},"modified":"2026-09-01T20:07:12","modified_gmt":"2026-09-02T01:07:12","slug":"checo-perez-no-participara-en-la-1era-practica-libre-del-gran-premio-de-italia","status":"publish","type":"post","link":"https:\/\/puenteinformativo.info\/index.php\/2026\/09\/01\/checo-perez-no-participara-en-la-1era-practica-libre-del-gran-premio-de-italia\/","title":{"rendered":"Checo P\u00e9rez no participara en la 1era pr\u00e1ctica libre del Gran Premio de Italia"},"content":{"rendered":"\n<p>PUENTE INFORMATIVO\/Monza Italia<\/p>\n\n\n\n<p>Sergio P\u00e9rez no rodar\u00e1 con su Cadillac n\u00famero 11\u00a0durante la primera pr\u00e1ctica libre del Gran Premio de Italia este fin de semana. El estadounidense Colton Herta, piloto de reserva de la escuder\u00eda, tomar\u00e1 el volante del MAC-26 en el emblem\u00e1tico circuito de Monza.<\/p>\n\n\n\n<p>Herta compite actualmente en la F\u00f3rmula 2 con la meta de sumar los puntos necesarios para la superlicencia y aspirar a un asiento titular el pr\u00f3ximo a\u00f1o. Aunque ese objetivo luce lejano, ya que marcha fuera de los ocho primeros lugares de la categor\u00eda previa a la F\u00f3rmula 1, el equipo mantiene la confianza en su desarrollo.<\/p>\n\n\n\n<p>Esta sesi\u00f3n marcar\u00e1 la tercera ocasi\u00f3n en el a\u00f1o en que Herta sube a un auto de F1 en un fin de semana oficial, y la segunda en el monoplaza del piloto tapat\u00edo. Tras haberlo reemplazado previamente en el Gran Premio de Barcelona-Catalu\u00f1a. Con esta pr\u00e1ctica, Cadillac y P\u00e9rez cumplen con la normativa de la FIA. La cual obliga a cada escuder\u00eda a ceder ambos monoplazas al menos dos veces por temporada a un novato en sesiones de FP1. Por lo que el mexicano ya no tendr\u00e1 que prestar su auto en lo que resta del calendario.<\/p>\n\n\n\n<p>El trazado de Monza, conocido como el templo de la velocidad. Exigir\u00e1 una configuraci\u00f3n aerodin\u00e1mica muy baja, con frenadas escasas pero intensas y largas rectas a fondo. Un escenario muy distinto a las pistas que el joven piloto prob\u00f3 con anterioridad.<\/p>\n\n\n\n<p><\/p>\n\n\n\n<p><\/p>\n","protected":false},"excerpt":{"rendered":"<p>PUENTE INFORMATIVO\/Monza Italia Sergio P\u00e9rez no rodar\u00e1 con su Cadillac n\u00famero 11\u00a0durante la primera pr\u00e1ctica libre del Gran Premio de Italia este fin de semana. El estadounidense Colton Herta, piloto de reserva de la escuder\u00eda, tomar\u00e1 el volante del MAC-26 en el emblem\u00e1tico circuito de Monza. Herta compite actualmente en la F\u00f3rmula 2 con la [&hellip;]<\/p>\n","protected":false},"author":3,"featured_media":28222,"comment_status":"closed","ping_status":"closed","sticky":false,"template":"","format":"standard","meta":{"om_disable_all_campaigns":false,"_monsterinsights_skip_tracking":false,"_monsterinsights_sitenote_active":false,"_monsterinsights_sitenote_note":"","_monsterinsights_sitenote_category":0,"footnotes":""},"categories":[8],"tags":[],"aioseo_notices":[],"blog_post_layout_featured_media_urls":{"thumbnail":["https:\/\/puenteinformativo.info\/wp-content\/uploads\/2026\/09\/images-1-150x150.jpg",150,150,true],"full":["https:\/\/puenteinformativo.info\/wp-content\/uploads\/2026\/09\/images-1.jpg",447,447,false]},"categories_names":{"8":{"name":"DEPORTES","link":"https:\/\/puenteinformativo.info\/index.php\/category\/deportes\/"}},"tags_names":[],"comments_number":"0","wpmagazine_modules_lite_featured_media_urls":{"thumbnail":["https:\/\/puenteinformativo.info\/wp-content\/uploads\/2026\/09\/images-1-150x150.jpg",150,150,true],"cvmm-medium":["https:\/\/puenteinformativo.info\/wp-content\/uploads\/2026\/09\/images-1-300x300.jpg",300,300,true],"cvmm-medium-plus":["https:\/\/puenteinformativo.info\/wp-content\/uploads\/2026\/09\/images-1-305x207.jpg",305,207,true],"cvmm-portrait":["https:\/\/puenteinformativo.info\/wp-content\/uploads\/2026\/09\/images-1-400x447.jpg",400,447,true],"cvmm-medium-square":["https:\/\/puenteinformativo.info\/wp-content\/uploads\/2026\/09\/images-1.jpg",447,447,false],"cvmm-large":["https:\/\/puenteinformativo.info\/wp-content\/uploads\/2026\/09\/images-1.jpg",447,447,false],"cvmm-small":["https:\/\/puenteinformativo.info\/wp-content\/uploads\/2026\/09\/images-1-130x95.jpg",130,95,true],"full":["https:\/\/puenteinformativo.info\/wp-content\/uploads\/2026\/09\/images-1.jpg",447,447,false]},"_links":{"self":[{"href":"https:\/\/puenteinformativo.info\/index.php\/wp-json\/wp\/v2\/posts\/28221"}],"collection":[{"href":"https:\/\/puenteinformativo.info\/index.php\/wp-json\/wp\/v2\/posts"}],"about":[{"href":"https:\/\/puenteinformativo.info\/index.php\/wp-json\/wp\/v2\/types\/post"}],"author":[{"embeddable":true,"href":"https:\/\/puenteinformativo.info\/index.php\/wp-json\/wp\/v2\/users\/3"}],"replies":[{"embeddable":true,"href":"https:\/\/puenteinformativo.info\/index.php\/wp-json\/wp\/v2\/comments?post=28221"}],"version-history":[{"count":2,"href":"https:\/\/puenteinformativo.info\/index.php\/wp-json\/wp\/v2\/posts\/28221\/revisions"}],"predecessor-version":[{"id":28224,"href":"https:\/\/puenteinformativo.info\/index.php\/wp-json\/wp\/v2\/posts\/28221\/revisions\/28224"}],"wp:featuredmedia":[{"embeddable":true,"href":"https:\/\/puenteinformativo.info\/index.php\/wp-json\/wp\/v2\/media\/28222"}],"wp:attachment":[{"href":"https:\/\/puenteinformativo.info\/index.php\/wp-json\/wp\/v2\/media?parent=28221"}],"wp:term":[{"taxonomy":"category","embeddable":true,"href":"https:\/\/puenteinformativo.info\/index.php\/wp-json\/wp\/v2\/categories?post=28221"},{"taxonomy":"post_tag","embeddable":true,"href":"https:\/\/puenteinformativo.info\/index.php\/wp-json\/wp\/v2\/tags?post=28221"}],"curies":[{"name":"wp","href":"https:\/\/api.w.org\/{rel}","templated":true}]}}