{"id":28170,"date":"2026-08-31T21:20:48","date_gmt":"2026-09-01T02:20:48","guid":{"rendered":"https:\/\/puenteinformativo.info\/?p=28170"},"modified":"2026-08-31T21:31:42","modified_gmt":"2026-09-01T02:31:42","slug":"da-secretario-de-finanzas-banderazo-inicial-al-ciclo-escolar-2026-2027-en-matamoros","status":"publish","type":"post","link":"https:\/\/puenteinformativo.info\/index.php\/2026\/08\/31\/da-secretario-de-finanzas-banderazo-inicial-al-ciclo-escolar-2026-2027-en-matamoros\/","title":{"rendered":"Da secretario de Finanzas banderazo inicial al ciclo escolar 2026-2027 en Matamoros"},"content":{"rendered":"\n<p>PUENTE INFORMATIVO\/Matamoros<\/p>\n\n\n\n<p>En representaci\u00f3n del gobernador Am\u00e9rico Villarreal Anaya, el secretario de Finanzas, Carlos Ir\u00e1n Ram\u00edrez Gonz\u00e1lez, acudi\u00f3 a la Escuela Primaria \u201cErnesto Guti\u00e9rrez Gonz\u00e1lez\u201d, donde acompa\u00f1\u00f3 al presidente municipal de Matamoros, Jos\u00e9 Alberto Granados Favila, en el arranque formal del ciclo escolar 2026-2027.<\/p>\n\n\n\n<p>Durante la ceremonia, Ram\u00edrez Gonz\u00e1lez destac\u00f3 que la educaci\u00f3n constituye una de las principales prioridades de la administraci\u00f3n estatal y reconoci\u00f3 la labor de maestras, maestros y padres de familia en la formaci\u00f3n de las nuevas generaciones. \u201cLa educaci\u00f3n de nuestras hijas e hijos no es un gasto, es la inversi\u00f3n m\u00e1s grande para transformar la vida de nuestras familias\u201d, expres\u00f3.<\/p>\n\n\n\n<p>El secretario inform\u00f3 que, para este inicio de ciclo escolar, en Matamoros se destin\u00f3 una inversi\u00f3n estatal de 36 millones 662 mil 476 pesos para la distribuci\u00f3n de 80 mil 681 paquetes de \u00fatiles escolares, adem\u00e1s de que, en coordinaci\u00f3n con el Gobierno Federal, se realiz\u00f3 la entrega de 543 mil 19 libros de texto, con el objetivo de que ni\u00f1as, ni\u00f1os y j\u00f3venes cuenten con las herramientas necesarias para continuar su formaci\u00f3n.<\/p>\n\n\n\n<p>Asimismo, destac\u00f3 el respaldo que representan programas como las becas Rita Cetina y Benito Ju\u00e1rez, orientadas a favorecer la permanencia de estudiantes de educaci\u00f3n b\u00e1sica, media superior y superior, como parte de una pol\u00edtica que busca generar mejores condiciones para que las y los j\u00f3venes contin\u00faen sus estudios.<\/p>\n\n\n\n<p>Tras la ceremonia inaugural, Ram\u00edrez Gonz\u00e1lez se\u00f1al\u00f3 ante medios de comunicaci\u00f3n que la reducci\u00f3n de la deuda p\u00fablica estatal ha permitido generar mayor margen financiero para incrementar la inversi\u00f3n en sectores prioritarios como la educaci\u00f3n, fortaleciendo la capacidad del Gobierno de Tamaulipas para atender a las comunidades escolares y respaldar la econom\u00eda de las familias.<\/p>\n\n\n\n<p>Ram\u00edrez Gonz\u00e1lez reiter\u00f3 que, bajo la visi\u00f3n del gobernador Am\u00e9rico Villarreal Anaya, la Secretar\u00eda de Finanzas continuar\u00e1 trabajando para mantener finanzas p\u00fablicas s\u00f3lidas que permitan respaldar las prioridades del estado y generar mejores condiciones para las familias tamaulipecas.<\/p>\n","protected":false},"excerpt":{"rendered":"<p>PUENTE INFORMATIVO\/Matamoros En representaci\u00f3n del gobernador Am\u00e9rico Villarreal Anaya, el secretario de Finanzas, Carlos Ir\u00e1n Ram\u00edrez Gonz\u00e1lez, acudi\u00f3 a la Escuela Primaria \u201cErnesto Guti\u00e9rrez Gonz\u00e1lez\u201d, donde acompa\u00f1\u00f3 al presidente municipal de Matamoros, Jos\u00e9 Alberto Granados Favila, en el arranque formal del ciclo escolar 2026-2027. Durante la ceremonia, Ram\u00edrez Gonz\u00e1lez destac\u00f3 que la educaci\u00f3n constituye una [&hellip;]<\/p>\n","protected":false},"author":3,"featured_media":28171,"comment_status":"closed","ping_status":"closed","sticky":false,"template":"","format":"standard","meta":{"om_disable_all_campaigns":false,"_monsterinsights_skip_tracking":false,"_monsterinsights_sitenote_active":false,"_monsterinsights_sitenote_note":"","_monsterinsights_sitenote_category":0,"footnotes":""},"categories":[2,24],"tags":[],"aioseo_notices":[],"blog_post_layout_featured_media_urls":{"thumbnail":["https:\/\/puenteinformativo.info\/wp-content\/uploads\/2026\/08\/SFT-035-2026.-Da-secretario-de-Finanzas-banderazo-inicial-al-ciclo-escolar-2026-2027-en-Matamoros-3-1-150x150.jpeg",150,150,true],"full":["https:\/\/puenteinformativo.info\/wp-content\/uploads\/2026\/08\/SFT-035-2026.-Da-secretario-de-Finanzas-banderazo-inicial-al-ciclo-escolar-2026-2027-en-Matamoros-3-1.jpeg",1600,1066,false]},"categories_names":{"2":{"name":"LOCAL","link":"https:\/\/puenteinformativo.info\/index.php\/category\/local\/"},"24":{"name":"TAMAULIPAS","link":"https:\/\/puenteinformativo.info\/index.php\/category\/tamaulipas\/"}},"tags_names":[],"comments_number":"0","wpmagazine_modules_lite_featured_media_urls":{"thumbnail":["https:\/\/puenteinformativo.info\/wp-content\/uploads\/2026\/08\/SFT-035-2026.-Da-secretario-de-Finanzas-banderazo-inicial-al-ciclo-escolar-2026-2027-en-Matamoros-3-1-150x150.jpeg",150,150,true],"cvmm-medium":["https:\/\/puenteinformativo.info\/wp-content\/uploads\/2026\/08\/SFT-035-2026.-Da-secretario-de-Finanzas-banderazo-inicial-al-ciclo-escolar-2026-2027-en-Matamoros-3-1-300x300.jpeg",300,300,true],"cvmm-medium-plus":["https:\/\/puenteinformativo.info\/wp-content\/uploads\/2026\/08\/SFT-035-2026.-Da-secretario-de-Finanzas-banderazo-inicial-al-ciclo-escolar-2026-2027-en-Matamoros-3-1-305x207.jpeg",305,207,true],"cvmm-portrait":["https:\/\/puenteinformativo.info\/wp-content\/uploads\/2026\/08\/SFT-035-2026.-Da-secretario-de-Finanzas-banderazo-inicial-al-ciclo-escolar-2026-2027-en-Matamoros-3-1-400x600.jpeg",400,600,true],"cvmm-medium-square":["https:\/\/puenteinformativo.info\/wp-content\/uploads\/2026\/08\/SFT-035-2026.-Da-secretario-de-Finanzas-banderazo-inicial-al-ciclo-escolar-2026-2027-en-Matamoros-3-1-600x600.jpeg",600,600,true],"cvmm-large":["https:\/\/puenteinformativo.info\/wp-content\/uploads\/2026\/08\/SFT-035-2026.-Da-secretario-de-Finanzas-banderazo-inicial-al-ciclo-escolar-2026-2027-en-Matamoros-3-1-1024x1024.jpeg",1024,1024,true],"cvmm-small":["https:\/\/puenteinformativo.info\/wp-content\/uploads\/2026\/08\/SFT-035-2026.-Da-secretario-de-Finanzas-banderazo-inicial-al-ciclo-escolar-2026-2027-en-Matamoros-3-1-130x95.jpeg",130,95,true],"full":["https:\/\/puenteinformativo.info\/wp-content\/uploads\/2026\/08\/SFT-035-2026.-Da-secretario-de-Finanzas-banderazo-inicial-al-ciclo-escolar-2026-2027-en-Matamoros-3-1.jpeg",1600,1066,false]},"_links":{"self":[{"href":"https:\/\/puenteinformativo.info\/index.php\/wp-json\/wp\/v2\/posts\/28170"}],"collection":[{"href":"https:\/\/puenteinformativo.info\/index.php\/wp-json\/wp\/v2\/posts"}],"about":[{"href":"https:\/\/puenteinformativo.info\/index.php\/wp-json\/wp\/v2\/types\/post"}],"author":[{"embeddable":true,"href":"https:\/\/puenteinformativo.info\/index.php\/wp-json\/wp\/v2\/users\/3"}],"replies":[{"embeddable":true,"href":"https:\/\/puenteinformativo.info\/index.php\/wp-json\/wp\/v2\/comments?post=28170"}],"version-history":[{"count":1,"href":"https:\/\/puenteinformativo.info\/index.php\/wp-json\/wp\/v2\/posts\/28170\/revisions"}],"predecessor-version":[{"id":28172,"href":"https:\/\/puenteinformativo.info\/index.php\/wp-json\/wp\/v2\/posts\/28170\/revisions\/28172"}],"wp:featuredmedia":[{"embeddable":true,"href":"https:\/\/puenteinformativo.info\/index.php\/wp-json\/wp\/v2\/media\/28171"}],"wp:attachment":[{"href":"https:\/\/puenteinformativo.info\/index.php\/wp-json\/wp\/v2\/media?parent=28170"}],"wp:term":[{"taxonomy":"category","embeddable":true,"href":"https:\/\/puenteinformativo.info\/index.php\/wp-json\/wp\/v2\/categories?post=28170"},{"taxonomy":"post_tag","embeddable":true,"href":"https:\/\/puenteinformativo.info\/index.php\/wp-json\/wp\/v2\/tags?post=28170"}],"curies":[{"name":"wp","href":"https:\/\/api.w.org\/{rel}","templated":true}]}}