{"id":28164,"date":"2026-08-31T20:51:50","date_gmt":"2026-09-01T01:51:50","guid":{"rendered":"https:\/\/puenteinformativo.info\/?p=28164"},"modified":"2026-08-31T20:57:00","modified_gmt":"2026-09-01T01:57:00","slug":"concluye-primera-etapa-de-la-paralimpiada-estatal-con-participacion-de-mas-de-200-atletas","status":"publish","type":"post","link":"https:\/\/puenteinformativo.info\/index.php\/2026\/08\/31\/concluye-primera-etapa-de-la-paralimpiada-estatal-con-participacion-de-mas-de-200-atletas\/","title":{"rendered":"Concluye primera etapa de la Paralimpiada Estatal con participaci\u00f3n de m\u00e1s de 200 atletas"},"content":{"rendered":"\n<p>PUENTE INFORMATIVO\/Altamira<\/p>\n\n\n\n<p>Con la participaci\u00f3n de m\u00e1s de 200 atletas de distintos municipios de Tamaulipas, concluyeron las actividades de la primera etapa de la Estatal 2026, que reuni\u00f3 a los mejores exponentes del deporte adaptado en las disciplinas de para atletismo, paradanza y boccia.<\/p>\n\n\n\n<p>Las competencias permitieron a los deportistas mostrar su preparaci\u00f3n y buscar un lugar dentro del proceso selectivo estatal, en una jornada que reuni\u00f3 a atletas de diferentes categor\u00edas y clasificaciones, con pruebas de pista y campo, as\u00ed como las actividades correspondientes a paradanza y boccia.<\/p>\n\n\n\n<p>El evento cont\u00f3 con el respaldo del Instituto del Deporte de Tamaulipas que dirige Manuel Viru\u00e9s Lozano, como parte del trabajo que se realiza para fortalecer el deporte adaptado en la entidad y brindar a los atletas las condiciones necesarias para su desarrollo y participaci\u00f3n en competencias de car\u00e1cter nacional.<\/p>\n\n\n\n<p>El director del Instituto del Deporte agradeci\u00f3 al gobernador Am\u00e9rico Villarreal Anaya y al Gobierno Municipal de Altamira las facilidades otorgadas para la realizaci\u00f3n del evento.<\/p>\n\n\n\n<p>Los resultados oficiales de la Paralimpiada Estatal ser\u00e1n dados a conocer en los pr\u00f3ximos d\u00edas, una vez que las marcas, registros y resultados de las diferentes pruebas sean cotejados con la Comisi\u00f3n Nacional de Cultura F\u00edsica y Deporte (CONADE), conforme a los criterios establecidos para el proceso nacional.<\/p>\n\n\n\n<p>Las actividades de la Paralimpiada Estatal continuar\u00e1n durante los pr\u00f3ximos fines de semana en otros municipios de Tamaulipas, donde se desarrollar\u00e1n diferentes disciplinas como parte del proceso para integrar la Selecci\u00f3n Tamaulipas que representar\u00e1 al estado en la Paralimpiada Nacional.<\/p>\n\n\n\n<p>La competencia nacional est\u00e1 prevista para realizarse en Guadalajara durante los pr\u00f3ximos meses, por lo que las siguientes jornadas ser\u00e1n determinantes para<\/p>\n\n\n\n<p>observar el desempe\u00f1o de los atletas tamaulipecos y definir a quienes avanzar\u00e1n en el proceso selectivo.<\/p>\n","protected":false},"excerpt":{"rendered":"<p>PUENTE INFORMATIVO\/Altamira Con la participaci\u00f3n de m\u00e1s de 200 atletas de distintos municipios de Tamaulipas, concluyeron las actividades de la primera etapa de la Estatal 2026, que reuni\u00f3 a los mejores exponentes del deporte adaptado en las disciplinas de para atletismo, paradanza y boccia. Las competencias permitieron a los deportistas mostrar su preparaci\u00f3n y buscar [&hellip;]<\/p>\n","protected":false},"author":3,"featured_media":28165,"comment_status":"closed","ping_status":"closed","sticky":false,"template":"","format":"standard","meta":{"om_disable_all_campaigns":false,"_monsterinsights_skip_tracking":false,"_monsterinsights_sitenote_active":false,"_monsterinsights_sitenote_note":"","_monsterinsights_sitenote_category":0,"footnotes":""},"categories":[24],"tags":[],"aioseo_notices":[],"blog_post_layout_featured_media_urls":{"thumbnail":["https:\/\/puenteinformativo.info\/wp-content\/uploads\/2026\/08\/IDE-083-2026.-Concluye-primera-etapa-de-la-Paralimpiada-Estatal-con-participacion-de-mas-de-200-atletas-1-150x150.jpeg",150,150,true],"full":["https:\/\/puenteinformativo.info\/wp-content\/uploads\/2026\/08\/IDE-083-2026.-Concluye-primera-etapa-de-la-Paralimpiada-Estatal-con-participacion-de-mas-de-200-atletas-1.jpeg",1280,852,false]},"categories_names":{"24":{"name":"TAMAULIPAS","link":"https:\/\/puenteinformativo.info\/index.php\/category\/tamaulipas\/"}},"tags_names":[],"comments_number":"0","wpmagazine_modules_lite_featured_media_urls":{"thumbnail":["https:\/\/puenteinformativo.info\/wp-content\/uploads\/2026\/08\/IDE-083-2026.-Concluye-primera-etapa-de-la-Paralimpiada-Estatal-con-participacion-de-mas-de-200-atletas-1-150x150.jpeg",150,150,true],"cvmm-medium":["https:\/\/puenteinformativo.info\/wp-content\/uploads\/2026\/08\/IDE-083-2026.-Concluye-primera-etapa-de-la-Paralimpiada-Estatal-con-participacion-de-mas-de-200-atletas-1-300x300.jpeg",300,300,true],"cvmm-medium-plus":["https:\/\/puenteinformativo.info\/wp-content\/uploads\/2026\/08\/IDE-083-2026.-Concluye-primera-etapa-de-la-Paralimpiada-Estatal-con-participacion-de-mas-de-200-atletas-1-305x207.jpeg",305,207,true],"cvmm-portrait":["https:\/\/puenteinformativo.info\/wp-content\/uploads\/2026\/08\/IDE-083-2026.-Concluye-primera-etapa-de-la-Paralimpiada-Estatal-con-participacion-de-mas-de-200-atletas-1-400x600.jpeg",400,600,true],"cvmm-medium-square":["https:\/\/puenteinformativo.info\/wp-content\/uploads\/2026\/08\/IDE-083-2026.-Concluye-primera-etapa-de-la-Paralimpiada-Estatal-con-participacion-de-mas-de-200-atletas-1-600x600.jpeg",600,600,true],"cvmm-large":["https:\/\/puenteinformativo.info\/wp-content\/uploads\/2026\/08\/IDE-083-2026.-Concluye-primera-etapa-de-la-Paralimpiada-Estatal-con-participacion-de-mas-de-200-atletas-1-1024x852.jpeg",1024,852,true],"cvmm-small":["https:\/\/puenteinformativo.info\/wp-content\/uploads\/2026\/08\/IDE-083-2026.-Concluye-primera-etapa-de-la-Paralimpiada-Estatal-con-participacion-de-mas-de-200-atletas-1-130x95.jpeg",130,95,true],"full":["https:\/\/puenteinformativo.info\/wp-content\/uploads\/2026\/08\/IDE-083-2026.-Concluye-primera-etapa-de-la-Paralimpiada-Estatal-con-participacion-de-mas-de-200-atletas-1.jpeg",1280,852,false]},"_links":{"self":[{"href":"https:\/\/puenteinformativo.info\/index.php\/wp-json\/wp\/v2\/posts\/28164"}],"collection":[{"href":"https:\/\/puenteinformativo.info\/index.php\/wp-json\/wp\/v2\/posts"}],"about":[{"href":"https:\/\/puenteinformativo.info\/index.php\/wp-json\/wp\/v2\/types\/post"}],"author":[{"embeddable":true,"href":"https:\/\/puenteinformativo.info\/index.php\/wp-json\/wp\/v2\/users\/3"}],"replies":[{"embeddable":true,"href":"https:\/\/puenteinformativo.info\/index.php\/wp-json\/wp\/v2\/comments?post=28164"}],"version-history":[{"count":1,"href":"https:\/\/puenteinformativo.info\/index.php\/wp-json\/wp\/v2\/posts\/28164\/revisions"}],"predecessor-version":[{"id":28166,"href":"https:\/\/puenteinformativo.info\/index.php\/wp-json\/wp\/v2\/posts\/28164\/revisions\/28166"}],"wp:featuredmedia":[{"embeddable":true,"href":"https:\/\/puenteinformativo.info\/index.php\/wp-json\/wp\/v2\/media\/28165"}],"wp:attachment":[{"href":"https:\/\/puenteinformativo.info\/index.php\/wp-json\/wp\/v2\/media?parent=28164"}],"wp:term":[{"taxonomy":"category","embeddable":true,"href":"https:\/\/puenteinformativo.info\/index.php\/wp-json\/wp\/v2\/categories?post=28164"},{"taxonomy":"post_tag","embeddable":true,"href":"https:\/\/puenteinformativo.info\/index.php\/wp-json\/wp\/v2\/tags?post=28164"}],"curies":[{"name":"wp","href":"https:\/\/api.w.org\/{rel}","templated":true}]}}