{"id":28157,"date":"2026-08-31T20:18:00","date_gmt":"2026-09-01T01:18:00","guid":{"rendered":"https:\/\/puenteinformativo.info\/?p=28157"},"modified":"2026-08-31T20:34:05","modified_gmt":"2026-09-01T01:34:05","slug":"raul-bolanos-cacho-cue-presidente-es-nuevo-pesidente-de-la-camara-de-diputados","status":"publish","type":"post","link":"https:\/\/puenteinformativo.info\/index.php\/2026\/08\/31\/raul-bolanos-cacho-cue-presidente-es-nuevo-pesidente-de-la-camara-de-diputados\/","title":{"rendered":"Ra\u00fal Bola\u00f1os-Cacho Cu\u00e9  presidente es nuevo pesidente de la C\u00e1mara de Diputados"},"content":{"rendered":"\n<p>PUENTE INFORMATIVO\/CDMX<\/p>\n\n\n\n<p>La\u00a0C\u00e1mara de Diputados\u00a0ratific\u00f3 este lunes la integraci\u00f3n y elecci\u00f3n de la Mesa Directiva que conducir\u00e1 los trabajos del\u00a0Tercer A\u00f1o\u00a0de\u00a0Ejercicio de la LXVI Legislatura.<\/p>\n\n\n\n<p>La Mesa Directiva ser\u00e1 presidida por\u00a0Ra\u00fal Bola\u00f1os-Cacho Cu\u00e9, diputado por el\u00a0Partido Verde Ecologista de M\u00e9xico, quien tom\u00f3 protesta este mismo lunes.<\/p>\n\n\n\n<p>El acuerdo estructur\u00f3 la mesa con tres vicepresidencias, asignadas a\u00a0Sergio Carlos Guti\u00e9rrez Luna\u00a0(Morena),\u00a0Annia Sarah\u00ed G\u00f3mez C\u00e1rdenas\u00a0(PAN) y\u00a0Nayeli Arlen Fern\u00e1ndez Cruz\u00a0(PVEM).<\/p>\n\n\n\n<p>La integraci\u00f3n de la Mesa Directiva se aprob\u00f3 con 432 sufragios a favor, 10 abstenciones y un voto en contra.<\/p>\n\n\n\n<p><\/p>\n","protected":false},"excerpt":{"rendered":"<p>PUENTE INFORMATIVO\/CDMX La\u00a0C\u00e1mara de Diputados\u00a0ratific\u00f3 este lunes la integraci\u00f3n y elecci\u00f3n de la Mesa Directiva que conducir\u00e1 los trabajos del\u00a0Tercer A\u00f1o\u00a0de\u00a0Ejercicio de la LXVI Legislatura. La Mesa Directiva ser\u00e1 presidida por\u00a0Ra\u00fal Bola\u00f1os-Cacho Cu\u00e9, diputado por el\u00a0Partido Verde Ecologista de M\u00e9xico, quien tom\u00f3 protesta este mismo lunes. El acuerdo estructur\u00f3 la mesa con tres vicepresidencias, asignadas [&hellip;]<\/p>\n","protected":false},"author":3,"featured_media":28158,"comment_status":"closed","ping_status":"closed","sticky":false,"template":"","format":"standard","meta":{"om_disable_all_campaigns":false,"_monsterinsights_skip_tracking":false,"_monsterinsights_sitenote_active":false,"_monsterinsights_sitenote_note":"","_monsterinsights_sitenote_category":0,"footnotes":""},"categories":[11],"tags":[],"aioseo_notices":[],"blog_post_layout_featured_media_urls":{"thumbnail":["https:\/\/puenteinformativo.info\/wp-content\/uploads\/2026\/08\/HRFrvURWkAAWdPX-150x150.jpg",150,150,true],"full":["https:\/\/puenteinformativo.info\/wp-content\/uploads\/2026\/08\/HRFrvURWkAAWdPX.jpg",1080,1350,false]},"categories_names":{"11":{"name":"NACIONAL","link":"https:\/\/puenteinformativo.info\/index.php\/category\/nacional\/"}},"tags_names":[],"comments_number":"0","wpmagazine_modules_lite_featured_media_urls":{"thumbnail":["https:\/\/puenteinformativo.info\/wp-content\/uploads\/2026\/08\/HRFrvURWkAAWdPX-150x150.jpg",150,150,true],"cvmm-medium":["https:\/\/puenteinformativo.info\/wp-content\/uploads\/2026\/08\/HRFrvURWkAAWdPX-300x300.jpg",300,300,true],"cvmm-medium-plus":["https:\/\/puenteinformativo.info\/wp-content\/uploads\/2026\/08\/HRFrvURWkAAWdPX-305x207.jpg",305,207,true],"cvmm-portrait":["https:\/\/puenteinformativo.info\/wp-content\/uploads\/2026\/08\/HRFrvURWkAAWdPX-400x600.jpg",400,600,true],"cvmm-medium-square":["https:\/\/puenteinformativo.info\/wp-content\/uploads\/2026\/08\/HRFrvURWkAAWdPX-600x600.jpg",600,600,true],"cvmm-large":["https:\/\/puenteinformativo.info\/wp-content\/uploads\/2026\/08\/HRFrvURWkAAWdPX-1024x1024.jpg",1024,1024,true],"cvmm-small":["https:\/\/puenteinformativo.info\/wp-content\/uploads\/2026\/08\/HRFrvURWkAAWdPX-130x95.jpg",130,95,true],"full":["https:\/\/puenteinformativo.info\/wp-content\/uploads\/2026\/08\/HRFrvURWkAAWdPX.jpg",1080,1350,false]},"_links":{"self":[{"href":"https:\/\/puenteinformativo.info\/index.php\/wp-json\/wp\/v2\/posts\/28157"}],"collection":[{"href":"https:\/\/puenteinformativo.info\/index.php\/wp-json\/wp\/v2\/posts"}],"about":[{"href":"https:\/\/puenteinformativo.info\/index.php\/wp-json\/wp\/v2\/types\/post"}],"author":[{"embeddable":true,"href":"https:\/\/puenteinformativo.info\/index.php\/wp-json\/wp\/v2\/users\/3"}],"replies":[{"embeddable":true,"href":"https:\/\/puenteinformativo.info\/index.php\/wp-json\/wp\/v2\/comments?post=28157"}],"version-history":[{"count":1,"href":"https:\/\/puenteinformativo.info\/index.php\/wp-json\/wp\/v2\/posts\/28157\/revisions"}],"predecessor-version":[{"id":28159,"href":"https:\/\/puenteinformativo.info\/index.php\/wp-json\/wp\/v2\/posts\/28157\/revisions\/28159"}],"wp:featuredmedia":[{"embeddable":true,"href":"https:\/\/puenteinformativo.info\/index.php\/wp-json\/wp\/v2\/media\/28158"}],"wp:attachment":[{"href":"https:\/\/puenteinformativo.info\/index.php\/wp-json\/wp\/v2\/media?parent=28157"}],"wp:term":[{"taxonomy":"category","embeddable":true,"href":"https:\/\/puenteinformativo.info\/index.php\/wp-json\/wp\/v2\/categories?post=28157"},{"taxonomy":"post_tag","embeddable":true,"href":"https:\/\/puenteinformativo.info\/index.php\/wp-json\/wp\/v2\/tags?post=28157"}],"curies":[{"name":"wp","href":"https:\/\/api.w.org\/{rel}","templated":true}]}}