{"id":28147,"date":"2026-08-31T19:29:54","date_gmt":"2026-09-01T00:29:54","guid":{"rendered":"https:\/\/puenteinformativo.info\/?p=28147"},"modified":"2026-08-31T19:37:47","modified_gmt":"2026-09-01T00:37:47","slug":"con-educacion-y-preparacion-jovenes-de-tamaulipas-construyen-mejores-oportunidades-hector-joel-villegas","status":"publish","type":"post","link":"https:\/\/puenteinformativo.info\/index.php\/2026\/08\/31\/con-educacion-y-preparacion-jovenes-de-tamaulipas-construyen-mejores-oportunidades-hector-joel-villegas\/","title":{"rendered":"Con educaci\u00f3n y preparaci\u00f3n, j\u00f3venes de Tamaulipas construyen mejores oportunidades: H\u00e9ctor Joel Villegas"},"content":{"rendered":"\n<p>PUENTE INFORMATIVO\/R\u00edo Bravo<\/p>\n\n\n\n<p>Con el compromiso de seguir fortaleciendo la educaci\u00f3n y brindar mejores oportunidades a las nuevas generaciones, el secretario general de Gobierno, H\u00e9ctor Joel Villegas Gonz\u00e1lez, encabez\u00f3, en representaci\u00f3n del gobernador Am\u00e9rico Villarreal Anaya, encabez\u00f3 el arranque del ciclo escolar 2026-2027 en el Conalep R\u00edo Bravo.<\/p>\n\n\n\n<p>Durante el acto, Villegas Gonz\u00e1lez reconoci\u00f3 el trabajo del director del plantel, Horacio Tovar Cano, as\u00ed como de docentes, personal administrativo y directivo, por su contribuci\u00f3n al fortalecimiento de la instituci\u00f3n educativa y a la formaci\u00f3n de las y los j\u00f3venes tamaulipecos.<\/p>\n\n\n\n<p>Ante estudiantes y representantes de la comunidad educativa, el secretario general de Gobierno destac\u00f3 que la educaci\u00f3n representa una de las principales herramientas para alcanzar mejores oportunidades y construir un proyecto de vida con mayores posibilidades de desarrollo.<\/p>\n\n\n\n<p>Se\u00f1al\u00f3 que la preparaci\u00f3n acad\u00e9mica debe ir acompa\u00f1ada de esfuerzo, disciplina y perseverancia, al tiempo que exhort\u00f3 a las y los estudiantes a aprovechar los conocimientos que reciben de sus maestras y maestros, as\u00ed como el respaldo de sus familias.<\/p>\n\n\n\n<p>\u201cLas oportunidades se construyen tambi\u00e9n con preparaci\u00f3n. Si estamos preparados y llega una oportunidad, podemos aprovecharla y alcanzar nuestras metas\u201d, expres\u00f3.<\/p>\n\n\n\n<p>Asimismo, destac\u00f3 que las y los j\u00f3venes tienen la capacidad de aspirar a grandes objetivos y, con dedicaci\u00f3n, convertirse en profesionistas, servidores p\u00fablicos, empresarios o desempe\u00f1arse en cualquier \u00e1mbito que se propongan desarrollar.<\/p>\n\n\n\n<p>Villegas Gonz\u00e1lez resalt\u00f3 tambi\u00e9n la importancia de trabajar en equipo y mantener una convivencia basada en el respeto y la solidaridad, al considerar que la fortaleza de una instituci\u00f3n educativa no depende \u00fanicamente de su infraestructura, sino principalmente de las personas que forman parte de ella.<\/p>\n\n\n\n<p>El secretario general de Gobierno record\u00f3 adem\u00e1s su v\u00ednculo con R\u00edo Bravo y se\u00f1al\u00f3 que, durante su etapa como presidente municipal, se impulsaron acciones para mejorar las condiciones de infraestructura del Conalep, entre ellas la construcci\u00f3n de la techumbre del plantel.<\/p>\n\n\n\n<p>Finalmente, transmiti\u00f3 a nombre del gobernador, Am\u00e9rico Villarreal Anaya un mensaje de felicitaci\u00f3n y buenos deseos a las y los estudiantes, docentes y familias, al tiempo que reiter\u00f3 el compromiso del Gobierno de Tamaulipas de continuar impulsando acciones que fortalezcan la educaci\u00f3n y generen mejores condiciones para el desarrollo de las juventudes.<\/p>\n\n\n\n<p>Con el inicio del ciclo escolar 2026-2027, el Gobierno de Tamaulipas refrenda su compromiso de acompa\u00f1ar a las nuevas generaciones en su formaci\u00f3n acad\u00e9mica y contribuir a que cuenten con las herramientas necesarias para construir un mejor futuro.<\/p>\n","protected":false},"excerpt":{"rendered":"<p>PUENTE INFORMATIVO\/R\u00edo Bravo Con el compromiso de seguir fortaleciendo la educaci\u00f3n y brindar mejores oportunidades a las nuevas generaciones, el secretario general de Gobierno, H\u00e9ctor Joel Villegas Gonz\u00e1lez, encabez\u00f3, en representaci\u00f3n del gobernador Am\u00e9rico Villarreal Anaya, encabez\u00f3 el arranque del ciclo escolar 2026-2027 en el Conalep R\u00edo Bravo. Durante el acto, Villegas Gonz\u00e1lez reconoci\u00f3 el [&hellip;]<\/p>\n","protected":false},"author":3,"featured_media":28148,"comment_status":"closed","ping_status":"closed","sticky":false,"template":"","format":"standard","meta":{"om_disable_all_campaigns":false,"_monsterinsights_skip_tracking":false,"_monsterinsights_sitenote_active":false,"_monsterinsights_sitenote_note":"","_monsterinsights_sitenote_category":0,"footnotes":""},"categories":[24],"tags":[],"aioseo_notices":[],"blog_post_layout_featured_media_urls":{"thumbnail":["https:\/\/puenteinformativo.info\/wp-content\/uploads\/2026\/08\/SGG-061-2026.-Con-educacion-y-preparacion-jovenes-de-Tamaulipas-construyen-mejores-oportunidades-Hector-Joel-Villegas-3-150x150.jpeg",150,150,true],"full":["https:\/\/puenteinformativo.info\/wp-content\/uploads\/2026\/08\/SGG-061-2026.-Con-educacion-y-preparacion-jovenes-de-Tamaulipas-construyen-mejores-oportunidades-Hector-Joel-Villegas-3.jpeg",1600,1066,false]},"categories_names":{"24":{"name":"TAMAULIPAS","link":"https:\/\/puenteinformativo.info\/index.php\/category\/tamaulipas\/"}},"tags_names":[],"comments_number":"0","wpmagazine_modules_lite_featured_media_urls":{"thumbnail":["https:\/\/puenteinformativo.info\/wp-content\/uploads\/2026\/08\/SGG-061-2026.-Con-educacion-y-preparacion-jovenes-de-Tamaulipas-construyen-mejores-oportunidades-Hector-Joel-Villegas-3-150x150.jpeg",150,150,true],"cvmm-medium":["https:\/\/puenteinformativo.info\/wp-content\/uploads\/2026\/08\/SGG-061-2026.-Con-educacion-y-preparacion-jovenes-de-Tamaulipas-construyen-mejores-oportunidades-Hector-Joel-Villegas-3-300x300.jpeg",300,300,true],"cvmm-medium-plus":["https:\/\/puenteinformativo.info\/wp-content\/uploads\/2026\/08\/SGG-061-2026.-Con-educacion-y-preparacion-jovenes-de-Tamaulipas-construyen-mejores-oportunidades-Hector-Joel-Villegas-3-305x207.jpeg",305,207,true],"cvmm-portrait":["https:\/\/puenteinformativo.info\/wp-content\/uploads\/2026\/08\/SGG-061-2026.-Con-educacion-y-preparacion-jovenes-de-Tamaulipas-construyen-mejores-oportunidades-Hector-Joel-Villegas-3-400x600.jpeg",400,600,true],"cvmm-medium-square":["https:\/\/puenteinformativo.info\/wp-content\/uploads\/2026\/08\/SGG-061-2026.-Con-educacion-y-preparacion-jovenes-de-Tamaulipas-construyen-mejores-oportunidades-Hector-Joel-Villegas-3-600x600.jpeg",600,600,true],"cvmm-large":["https:\/\/puenteinformativo.info\/wp-content\/uploads\/2026\/08\/SGG-061-2026.-Con-educacion-y-preparacion-jovenes-de-Tamaulipas-construyen-mejores-oportunidades-Hector-Joel-Villegas-3-1024x1024.jpeg",1024,1024,true],"cvmm-small":["https:\/\/puenteinformativo.info\/wp-content\/uploads\/2026\/08\/SGG-061-2026.-Con-educacion-y-preparacion-jovenes-de-Tamaulipas-construyen-mejores-oportunidades-Hector-Joel-Villegas-3-130x95.jpeg",130,95,true],"full":["https:\/\/puenteinformativo.info\/wp-content\/uploads\/2026\/08\/SGG-061-2026.-Con-educacion-y-preparacion-jovenes-de-Tamaulipas-construyen-mejores-oportunidades-Hector-Joel-Villegas-3.jpeg",1600,1066,false]},"_links":{"self":[{"href":"https:\/\/puenteinformativo.info\/index.php\/wp-json\/wp\/v2\/posts\/28147"}],"collection":[{"href":"https:\/\/puenteinformativo.info\/index.php\/wp-json\/wp\/v2\/posts"}],"about":[{"href":"https:\/\/puenteinformativo.info\/index.php\/wp-json\/wp\/v2\/types\/post"}],"author":[{"embeddable":true,"href":"https:\/\/puenteinformativo.info\/index.php\/wp-json\/wp\/v2\/users\/3"}],"replies":[{"embeddable":true,"href":"https:\/\/puenteinformativo.info\/index.php\/wp-json\/wp\/v2\/comments?post=28147"}],"version-history":[{"count":1,"href":"https:\/\/puenteinformativo.info\/index.php\/wp-json\/wp\/v2\/posts\/28147\/revisions"}],"predecessor-version":[{"id":28149,"href":"https:\/\/puenteinformativo.info\/index.php\/wp-json\/wp\/v2\/posts\/28147\/revisions\/28149"}],"wp:featuredmedia":[{"embeddable":true,"href":"https:\/\/puenteinformativo.info\/index.php\/wp-json\/wp\/v2\/media\/28148"}],"wp:attachment":[{"href":"https:\/\/puenteinformativo.info\/index.php\/wp-json\/wp\/v2\/media?parent=28147"}],"wp:term":[{"taxonomy":"category","embeddable":true,"href":"https:\/\/puenteinformativo.info\/index.php\/wp-json\/wp\/v2\/categories?post=28147"},{"taxonomy":"post_tag","embeddable":true,"href":"https:\/\/puenteinformativo.info\/index.php\/wp-json\/wp\/v2\/tags?post=28147"}],"curies":[{"name":"wp","href":"https:\/\/api.w.org\/{rel}","templated":true}]}}