{"id":28137,"date":"2026-08-30T22:35:00","date_gmt":"2026-08-31T03:35:00","guid":{"rendered":"https:\/\/puenteinformativo.info\/?p=28137"},"modified":"2026-08-30T22:38:52","modified_gmt":"2026-08-31T03:38:52","slug":"karina-se-intensifica-a-huracan-c-3-en-el-pacifico","status":"publish","type":"post","link":"https:\/\/puenteinformativo.info\/index.php\/2026\/08\/30\/karina-se-intensifica-a-huracan-c-3-en-el-pacifico\/","title":{"rendered":"&#8220;Karina&#8221; se intensifica a hurac\u00e1n C.3 en el Pac\u00edfico"},"content":{"rendered":"\n<p>PUENTE INFORMATIVO\/CDMX<\/p>\n\n\n\n<p>El hurac\u00e1n &#8220;Karina&#8221;, que se form\u00f3 como tormenta tropical el jueves pasado en el oc\u00e9ano\u00a0Pac\u00edfico, se intensific\u00f3 r\u00e1pidamente este domingo hasta alcanzar la categor\u00eda 3, con vientos m\u00e1ximos sostenidos de 205 kil\u00f3metros por hora, y podr\u00eda fortalecerse a\u00fan m\u00e1s durante el pr\u00f3ximo d\u00eda, inform\u00f3 el\u00a0Centro Nacional de Huracanes de Estados Unidos\u00a0(NHC).<\/p>\n\n\n\n<p>El cicl\u00f3n se ubicaba a unos mil 545 kil\u00f3metros al suroeste del extremo sur de la pen\u00ednsula de\u00a0Baja California Sur, seg\u00fan el \u00faltimo bolet\u00edn del organismo.<\/p>\n\n\n\n<p>El\u00a0NHC\u00a0emiti\u00f3 su primer aviso sobre \u2018Karina\u2018 como tormenta tropical el pasado 27 de agosto. La ma\u00f1ana de este domingo hab\u00eda alcanzado la categor\u00eda 1 y r\u00e1pidamente pas\u00f3 el umbral a clasificaci\u00f3n mayor (categor\u00eda 3).<\/p>\n\n\n\n<p>El hurac\u00e1n se desplaza hacia el oeste a cerca de 9 kil\u00f3metros por hora. Por ahora, no se prev\u00e9 un impacto directo sobre la costa. Actualmente no se ha emitido ning\u00fan aviso.<\/p>\n\n\n\n<p>El NHC solo advirti\u00f3 por el posible fuerte oleaje y corrientes de resaca generados por \u2018Karina\u2019, que afectar\u00e1 partes de la costa del suroeste de M\u00e9xico y de la pen\u00ednsula de Baja California durante los pr\u00f3ximos d\u00edas.<\/p>\n\n\n\n<p>Seg\u00fan el pron\u00f3stico, es posible que se produzca \u201ccierta intensificaci\u00f3n adicional\u201d durante el pr\u00f3ximo d\u00eda.<\/p>\n","protected":false},"excerpt":{"rendered":"<p>PUENTE INFORMATIVO\/CDMX El hurac\u00e1n &#8220;Karina&#8221;, que se form\u00f3 como tormenta tropical el jueves pasado en el oc\u00e9ano\u00a0Pac\u00edfico, se intensific\u00f3 r\u00e1pidamente este domingo hasta alcanzar la categor\u00eda 3, con vientos m\u00e1ximos sostenidos de 205 kil\u00f3metros por hora, y podr\u00eda fortalecerse a\u00fan m\u00e1s durante el pr\u00f3ximo d\u00eda, inform\u00f3 el\u00a0Centro Nacional de Huracanes de Estados Unidos\u00a0(NHC). El cicl\u00f3n [&hellip;]<\/p>\n","protected":false},"author":3,"featured_media":28138,"comment_status":"closed","ping_status":"closed","sticky":false,"template":"","format":"standard","meta":{"om_disable_all_campaigns":false,"_monsterinsights_skip_tracking":false,"_monsterinsights_sitenote_active":false,"_monsterinsights_sitenote_note":"","_monsterinsights_sitenote_category":0,"footnotes":""},"categories":[11],"tags":[],"aioseo_notices":[],"blog_post_layout_featured_media_urls":{"thumbnail":["https:\/\/puenteinformativo.info\/wp-content\/uploads\/2026\/08\/images-9-150x150.jpg",150,150,true],"full":["https:\/\/puenteinformativo.info\/wp-content\/uploads\/2026\/08\/images-9.jpg",738,414,false]},"categories_names":{"11":{"name":"NACIONAL","link":"https:\/\/puenteinformativo.info\/index.php\/category\/nacional\/"}},"tags_names":[],"comments_number":"0","wpmagazine_modules_lite_featured_media_urls":{"thumbnail":["https:\/\/puenteinformativo.info\/wp-content\/uploads\/2026\/08\/images-9-150x150.jpg",150,150,true],"cvmm-medium":["https:\/\/puenteinformativo.info\/wp-content\/uploads\/2026\/08\/images-9-300x300.jpg",300,300,true],"cvmm-medium-plus":["https:\/\/puenteinformativo.info\/wp-content\/uploads\/2026\/08\/images-9-305x207.jpg",305,207,true],"cvmm-portrait":["https:\/\/puenteinformativo.info\/wp-content\/uploads\/2026\/08\/images-9-400x414.jpg",400,414,true],"cvmm-medium-square":["https:\/\/puenteinformativo.info\/wp-content\/uploads\/2026\/08\/images-9-600x414.jpg",600,414,true],"cvmm-large":["https:\/\/puenteinformativo.info\/wp-content\/uploads\/2026\/08\/images-9.jpg",738,414,false],"cvmm-small":["https:\/\/puenteinformativo.info\/wp-content\/uploads\/2026\/08\/images-9-130x95.jpg",130,95,true],"full":["https:\/\/puenteinformativo.info\/wp-content\/uploads\/2026\/08\/images-9.jpg",738,414,false]},"_links":{"self":[{"href":"https:\/\/puenteinformativo.info\/index.php\/wp-json\/wp\/v2\/posts\/28137"}],"collection":[{"href":"https:\/\/puenteinformativo.info\/index.php\/wp-json\/wp\/v2\/posts"}],"about":[{"href":"https:\/\/puenteinformativo.info\/index.php\/wp-json\/wp\/v2\/types\/post"}],"author":[{"embeddable":true,"href":"https:\/\/puenteinformativo.info\/index.php\/wp-json\/wp\/v2\/users\/3"}],"replies":[{"embeddable":true,"href":"https:\/\/puenteinformativo.info\/index.php\/wp-json\/wp\/v2\/comments?post=28137"}],"version-history":[{"count":1,"href":"https:\/\/puenteinformativo.info\/index.php\/wp-json\/wp\/v2\/posts\/28137\/revisions"}],"predecessor-version":[{"id":28139,"href":"https:\/\/puenteinformativo.info\/index.php\/wp-json\/wp\/v2\/posts\/28137\/revisions\/28139"}],"wp:featuredmedia":[{"embeddable":true,"href":"https:\/\/puenteinformativo.info\/index.php\/wp-json\/wp\/v2\/media\/28138"}],"wp:attachment":[{"href":"https:\/\/puenteinformativo.info\/index.php\/wp-json\/wp\/v2\/media?parent=28137"}],"wp:term":[{"taxonomy":"category","embeddable":true,"href":"https:\/\/puenteinformativo.info\/index.php\/wp-json\/wp\/v2\/categories?post=28137"},{"taxonomy":"post_tag","embeddable":true,"href":"https:\/\/puenteinformativo.info\/index.php\/wp-json\/wp\/v2\/tags?post=28137"}],"curies":[{"name":"wp","href":"https:\/\/api.w.org\/{rel}","templated":true}]}}