{"id":28122,"date":"2026-08-30T21:51:44","date_gmt":"2026-08-31T02:51:44","guid":{"rendered":"https:\/\/puenteinformativo.info\/?p=28122"},"modified":"2026-08-30T22:03:35","modified_gmt":"2026-08-31T03:03:35","slug":"con-obras-bienestar-y-desarrollo-se-refleja-la-transformacion-en-tamaulipas","status":"publish","type":"post","link":"https:\/\/puenteinformativo.info\/index.php\/2026\/08\/30\/con-obras-bienestar-y-desarrollo-se-refleja-la-transformacion-en-tamaulipas\/","title":{"rendered":"Con obras, bienestar y desarrollo se refleja la transformaci\u00f3n en Tamaulipas"},"content":{"rendered":"\n<p>PUENTE INFORMATIVO\/Cd Victoria<\/p>\n\n\n\n<p>A dos a\u00f1os del inicio del gobierno de la presidenta Claudia Sheinbaum Pardo, Tamaulipas est\u00e1 presente en las cuentas de M\u00e9xico, pero el avance m\u00e1s sustantivo es que las y los tamaulipecos perciben la transformaci\u00f3n, los beneficios llegan a la poblaci\u00f3n y el desarrollo es cada vez m\u00e1s patente, afirm\u00f3 el gobernador Am\u00e9rico Villarreal Anaya.<\/p>\n\n\n\n<p>&#8220;Lo que a veces decimos en cifras, decimos en proyectos, a veces decimos en planes, lo tiene que ver y lo tiene que vivir la ciudadan\u00eda en su actividad diaria, en su actividad dom\u00e9stica y percibir que se dan estos peque\u00f1os cambios a veces, o significativos, dependiendo el sitio y la oportunidad en lo particular, pero que vamos caminando y que yo creo que en estos grandes gobiernos de la transformaci\u00f3n cada vez son m\u00e1s patentes entre nuestra poblaci\u00f3n&#8221;, expres\u00f3 el gobernador.<\/p>\n\n\n\n<p>A unos d\u00edas de que la presidenta de M\u00e9xico d\u00e9 a conocer su Segundo Informe de Gobierno al pueblo de M\u00e9xico, el gobernador de Tamaulipas se refiri\u00f3 a la p\u00e1gina propia que tiene nuestro estado que incluye trenes, puentes, carreteras, puertos, agua, hospitales, preparatorias, energ\u00eda y vivienda.<\/p>\n\n\n\n<p>Durante el programa &#8220;Di\u00e1logos con Am\u00e9rico&#8221;, este domingo Am\u00e9rico Villarreal indic\u00f3 que se est\u00e1 a la espera de la agenda para definir el d\u00eda que la presidenta estar\u00e1 en Tamaulipas como parte de su recorrido por las 32 entidades para presentar su informe.<\/p>\n\n\n\n<p>&#8220;Va a ser una semana muy importante para M\u00e9xico, la doctora Claudia Sheinbaum nos va a dar su segundo informe en el transcurso de esta semana, un gobierno humanista con un gobierno centrado en el quehacer de la gente que tiene prisa porque lleguen cada vez mejores propuestas y oportunidades a todos los ciudadanos que vamos a hacer constancia de estas situaciones o informe&#8221;, dijo.<\/p>\n\n\n\n<p>Agreg\u00f3 que Tamaulipas ha recibido una inversi\u00f3n sin precedente en infraestructura y gracias a la privilegiada geolocalizaci\u00f3n, las grandes oportunidades y la riqueza de sus recursos naturales, se han emprendido grandes proyectos y acciones que han aterrizado y benefician ya a la poblaci\u00f3n, aunado a los apoyos de los Programas para el Bienestar que representan una derrama de m\u00e1s de 24,500 millones de pesos al a\u00f1o en beneficio de m\u00e1s de un mill\u00f3n de tamaulipecos.<\/p>\n\n\n\n<p>&#8220;Hay veces que a lo mejor los gobernantes o los pol\u00edticos hablamos de grandes cifras, hablamos de grandes impactos, de n\u00fameros grandes y que es la forma de percibirlo; no, la verdad es que como nos ha indicado la presidenta y seguramente lo va a hacer en este su segundo informe, es que el beneficio lo debe de recibir la persona, que nadie se quede atr\u00e1s, que nadie se quede afuera, que todos gocemos de los derechos humanos que ya han quedado consagrados dentro de nuestro marco constitucional&#8221;, mencion\u00f3.<\/p>\n\n\n\n<p>Record\u00f3 que hace dos semanas, la presidenta inaugur\u00f3 en Tamaulipas dos nuevas unidades hospitalarias en la zona sur que la poblaci\u00f3n demandaba, pero el compromiso no termina, pues se est\u00e1n habilitando y construyendo m\u00e1s y proyectando m\u00e1s para poder seguir solventando esta situaci\u00f3n de atenci\u00f3n a la salud, no solo en Tamaulipas sino tambi\u00e9n a nivel nacional.<\/p>\n\n\n\n<p>El mandatario tamaulipeco se refiri\u00f3 de manera especial al evento realizado el pasado viernes en Tampico, en donde se dio a conocer que, por tercer a\u00f1o consecutivo, el trabajo que se da a trav\u00e9s de la Secretar\u00eda de Salud de Tamaulipas, en coordinaci\u00f3n con el Patrimonio de la Beneficencia P\u00fablica y el DIF estatal, se logr\u00f3 el primer lugar nacional en gesti\u00f3n de apoyos a nuestra poblaci\u00f3n.<\/p>\n\n\n\n<p>Tambi\u00e9n mencion\u00f3 que, en materia de salud, Tamaulipas sigue siendo la \u00fanica entidad a nivel nacional que no ha tenido casos de sarampi\u00f3n durante 2026 y, a la fecha, solamente se han registrado 40 casos de dengue.<\/p>\n\n\n\n<p>&#8220;Es un trabajo que no aparece por varita m\u00e1gica, es un trabajo de a\u00f1os o de meses de organizaci\u00f3n, de atenci\u00f3n, de procesos para implementarlo y estar haciendo cada vez en mejores condiciones las labores que son encaminadas a gobiernos federales o estatales para dar ese tipo de protecci\u00f3n a nuestra poblaci\u00f3n&#8221;, resalt\u00f3.<\/p>\n\n\n\n<p>En materia de seguridad, expres\u00f3, atendiendo la estrategia de la presidenta Claudia Sheinbaum y la coordinaci\u00f3n institucional desde la Mesa de Paz, Tamaulipas ha logrado los mejores indicadores, logrando una reducci\u00f3n de hasta 87 por ciento en el caso de los homicidios dolosos y logrando que ciudades como Nuevo Laredo y la zona conurbada de Tampico y Madero figuren entre las ciudades m\u00e1s seguras del pa\u00eds.<\/p>\n\n\n\n<p>&#8220;S\u00ed ha habido un cambio y yo creo que lo apreciamos porque a trav\u00e9s de nuestra frontera cada vez vienen m\u00e1s en las temporadas de vacaciones de Semana Santa o de diciembre nuestros H\u00e9roes Paisanos, que ahora pasan por nuestra frontera para reintegrarse a los estados del centro y sur y el incremento sustantivo que hemos tenido en los visitantes turistas, porque perciben un ambiente de seguridad, de vigilancia y atenci\u00f3n a este hecho&#8221;, mencion\u00f3.<\/p>\n\n\n\n<p>Para finalizar la emisi\u00f3n dominical a trav\u00e9s del Sistema Estatal de Radio y Televisi\u00f3n Tamaulipas, el gobernador asegur\u00f3 que con el gran conocimiento que tiene la presidenta Claudia Sheinbaum sobre nuestro estado y los proyectos, propuestas y<\/p>\n\n\n\n<p>argumentos sostenibles y sustentables que se le presenten, seguramente Tamaulipas seguir\u00e1 teniendo grandes oportunidades de inversi\u00f3n que sean en beneficio de toda esta cadena de oportunidades que se traducen en una mejor calidad de vida y oportunidad de bienestar a nuestras familias.<\/p>\n","protected":false},"excerpt":{"rendered":"<p>PUENTE INFORMATIVO\/Cd Victoria A dos a\u00f1os del inicio del gobierno de la presidenta Claudia Sheinbaum Pardo, Tamaulipas est\u00e1 presente en las cuentas de M\u00e9xico, pero el avance m\u00e1s sustantivo es que las y los tamaulipecos perciben la transformaci\u00f3n, los beneficios llegan a la poblaci\u00f3n y el desarrollo es cada vez m\u00e1s patente, afirm\u00f3 el gobernador [&hellip;]<\/p>\n","protected":false},"author":3,"featured_media":28123,"comment_status":"closed","ping_status":"closed","sticky":false,"template":"","format":"standard","meta":{"om_disable_all_campaigns":false,"_monsterinsights_skip_tracking":false,"_monsterinsights_sitenote_active":false,"_monsterinsights_sitenote_note":"","_monsterinsights_sitenote_category":0,"footnotes":""},"categories":[24],"tags":[],"aioseo_notices":[],"blog_post_layout_featured_media_urls":{"thumbnail":["https:\/\/puenteinformativo.info\/wp-content\/uploads\/2026\/08\/176-2026.-Con-obras-bienestar-y-desarrollo-se-refleja-la-transformacion-en-Tamaulipas-1-1-150x150.jpeg",150,150,true],"full":["https:\/\/puenteinformativo.info\/wp-content\/uploads\/2026\/08\/176-2026.-Con-obras-bienestar-y-desarrollo-se-refleja-la-transformacion-en-Tamaulipas-1-1.jpeg",1368,912,false]},"categories_names":{"24":{"name":"TAMAULIPAS","link":"https:\/\/puenteinformativo.info\/index.php\/category\/tamaulipas\/"}},"tags_names":[],"comments_number":"0","wpmagazine_modules_lite_featured_media_urls":{"thumbnail":["https:\/\/puenteinformativo.info\/wp-content\/uploads\/2026\/08\/176-2026.-Con-obras-bienestar-y-desarrollo-se-refleja-la-transformacion-en-Tamaulipas-1-1-150x150.jpeg",150,150,true],"cvmm-medium":["https:\/\/puenteinformativo.info\/wp-content\/uploads\/2026\/08\/176-2026.-Con-obras-bienestar-y-desarrollo-se-refleja-la-transformacion-en-Tamaulipas-1-1-300x300.jpeg",300,300,true],"cvmm-medium-plus":["https:\/\/puenteinformativo.info\/wp-content\/uploads\/2026\/08\/176-2026.-Con-obras-bienestar-y-desarrollo-se-refleja-la-transformacion-en-Tamaulipas-1-1-305x207.jpeg",305,207,true],"cvmm-portrait":["https:\/\/puenteinformativo.info\/wp-content\/uploads\/2026\/08\/176-2026.-Con-obras-bienestar-y-desarrollo-se-refleja-la-transformacion-en-Tamaulipas-1-1-400x600.jpeg",400,600,true],"cvmm-medium-square":["https:\/\/puenteinformativo.info\/wp-content\/uploads\/2026\/08\/176-2026.-Con-obras-bienestar-y-desarrollo-se-refleja-la-transformacion-en-Tamaulipas-1-1-600x600.jpeg",600,600,true],"cvmm-large":["https:\/\/puenteinformativo.info\/wp-content\/uploads\/2026\/08\/176-2026.-Con-obras-bienestar-y-desarrollo-se-refleja-la-transformacion-en-Tamaulipas-1-1-1024x912.jpeg",1024,912,true],"cvmm-small":["https:\/\/puenteinformativo.info\/wp-content\/uploads\/2026\/08\/176-2026.-Con-obras-bienestar-y-desarrollo-se-refleja-la-transformacion-en-Tamaulipas-1-1-130x95.jpeg",130,95,true],"full":["https:\/\/puenteinformativo.info\/wp-content\/uploads\/2026\/08\/176-2026.-Con-obras-bienestar-y-desarrollo-se-refleja-la-transformacion-en-Tamaulipas-1-1.jpeg",1368,912,false]},"_links":{"self":[{"href":"https:\/\/puenteinformativo.info\/index.php\/wp-json\/wp\/v2\/posts\/28122"}],"collection":[{"href":"https:\/\/puenteinformativo.info\/index.php\/wp-json\/wp\/v2\/posts"}],"about":[{"href":"https:\/\/puenteinformativo.info\/index.php\/wp-json\/wp\/v2\/types\/post"}],"author":[{"embeddable":true,"href":"https:\/\/puenteinformativo.info\/index.php\/wp-json\/wp\/v2\/users\/3"}],"replies":[{"embeddable":true,"href":"https:\/\/puenteinformativo.info\/index.php\/wp-json\/wp\/v2\/comments?post=28122"}],"version-history":[{"count":1,"href":"https:\/\/puenteinformativo.info\/index.php\/wp-json\/wp\/v2\/posts\/28122\/revisions"}],"predecessor-version":[{"id":28124,"href":"https:\/\/puenteinformativo.info\/index.php\/wp-json\/wp\/v2\/posts\/28122\/revisions\/28124"}],"wp:featuredmedia":[{"embeddable":true,"href":"https:\/\/puenteinformativo.info\/index.php\/wp-json\/wp\/v2\/media\/28123"}],"wp:attachment":[{"href":"https:\/\/puenteinformativo.info\/index.php\/wp-json\/wp\/v2\/media?parent=28122"}],"wp:term":[{"taxonomy":"category","embeddable":true,"href":"https:\/\/puenteinformativo.info\/index.php\/wp-json\/wp\/v2\/categories?post=28122"},{"taxonomy":"post_tag","embeddable":true,"href":"https:\/\/puenteinformativo.info\/index.php\/wp-json\/wp\/v2\/tags?post=28122"}],"curies":[{"name":"wp","href":"https:\/\/api.w.org\/{rel}","templated":true}]}}