{"id":28097,"date":"2026-08-30T15:16:41","date_gmt":"2026-08-30T20:16:41","guid":{"rendered":"https:\/\/puenteinformativo.info\/?p=28097"},"modified":"2026-08-30T15:20:28","modified_gmt":"2026-08-30T20:20:28","slug":"se-suma-sspt-a-colecta-nacional-teleton-2026","status":"publish","type":"post","link":"https:\/\/puenteinformativo.info\/index.php\/2026\/08\/30\/se-suma-sspt-a-colecta-nacional-teleton-2026\/","title":{"rendered":"Se suma SSPT a colecta nacional Telet\u00f3n 2026"},"content":{"rendered":"\n<p>PUENTE INFORMATIVO\/Cd Victoria<\/p>\n\n\n\n<p>Siguiendo la pol\u00edtica humanista del gobernador Am\u00e9rico Villarreal Anaya, el Voluntariado de la Secretar\u00eda de Seguridad P\u00fablica de Tamaulipas (SSPT) dio inicio el boteo Telet\u00f3n 2026 a trav\u00e9s del cual el personal operativo y administrativo de esta dependencia se sum\u00f3 a esta causa altruista.<\/p>\n\n\n\n<p>La ceremonia de inauguraci\u00f3n estuvo encabezada por la presidenta del Voluntariado de la SSPT, Eva Catalina Hern\u00e1ndez Flores, y el secretario de Seguridad P\u00fablica de Tamaulipas, Carlos Arturo Pancardo Escudero, quien realiz\u00f3 el primer donativo en las urnas oficiales proporcionadas por la fundaci\u00f3n a trav\u00e9s del Sistema DIF Tamaulipas.<\/p>\n\n\n\n<p>&#8220;Hoy, cada aportaci\u00f3n que ustedes hacen lleva mucho m\u00e1s que un donativo, lleva esperanza, lleva la posibilidad de que una ni\u00f1a, un ni\u00f1o o una familia encuentre apoyo, atenci\u00f3n y una nueva oportunidad para seguir adelante&#8221;, expres\u00f3 la presidenta del Voluntariado de la SSPT.<\/p>\n\n\n\n<p>Cabe mencionar que Tamaulipas es una de las entidades en las que la Fundaci\u00f3n Telet\u00f3n ofrece servicios de rehabilitaci\u00f3n para ni\u00f1os, ni\u00f1os y adolescentes con discapacidad, autismo o c\u00e1ncer.<\/p>\n\n\n\n<p>Con su donativo, el personal que integra la SSPT reafirm\u00f3 su vocaci\u00f3n de servir y proteger principalmente a los grupos poblacionales en mayor condici\u00f3n de vulnerabilidad.<\/p>\n","protected":false},"excerpt":{"rendered":"<p>PUENTE INFORMATIVO\/Cd Victoria Siguiendo la pol\u00edtica humanista del gobernador Am\u00e9rico Villarreal Anaya, el Voluntariado de la Secretar\u00eda de Seguridad P\u00fablica de Tamaulipas (SSPT) dio inicio el boteo Telet\u00f3n 2026 a trav\u00e9s del cual el personal operativo y administrativo de esta dependencia se sum\u00f3 a esta causa altruista. La ceremonia de inauguraci\u00f3n estuvo encabezada por la [&hellip;]<\/p>\n","protected":false},"author":3,"featured_media":28098,"comment_status":"closed","ping_status":"closed","sticky":false,"template":"","format":"standard","meta":{"om_disable_all_campaigns":false,"_monsterinsights_skip_tracking":false,"_monsterinsights_sitenote_active":false,"_monsterinsights_sitenote_note":"","_monsterinsights_sitenote_category":0,"footnotes":""},"categories":[24],"tags":[],"aioseo_notices":[],"blog_post_layout_featured_media_urls":{"thumbnail":["https:\/\/puenteinformativo.info\/wp-content\/uploads\/2026\/08\/SSP-255-2026.-Se-suma-SSPT-a-colecta-nacional-Teleton-2026-15-150x150.jpeg",150,150,true],"full":["https:\/\/puenteinformativo.info\/wp-content\/uploads\/2026\/08\/SSP-255-2026.-Se-suma-SSPT-a-colecta-nacional-Teleton-2026-15.jpeg",1280,960,false]},"categories_names":{"24":{"name":"TAMAULIPAS","link":"https:\/\/puenteinformativo.info\/index.php\/category\/tamaulipas\/"}},"tags_names":[],"comments_number":"0","wpmagazine_modules_lite_featured_media_urls":{"thumbnail":["https:\/\/puenteinformativo.info\/wp-content\/uploads\/2026\/08\/SSP-255-2026.-Se-suma-SSPT-a-colecta-nacional-Teleton-2026-15-150x150.jpeg",150,150,true],"cvmm-medium":["https:\/\/puenteinformativo.info\/wp-content\/uploads\/2026\/08\/SSP-255-2026.-Se-suma-SSPT-a-colecta-nacional-Teleton-2026-15-300x300.jpeg",300,300,true],"cvmm-medium-plus":["https:\/\/puenteinformativo.info\/wp-content\/uploads\/2026\/08\/SSP-255-2026.-Se-suma-SSPT-a-colecta-nacional-Teleton-2026-15-305x207.jpeg",305,207,true],"cvmm-portrait":["https:\/\/puenteinformativo.info\/wp-content\/uploads\/2026\/08\/SSP-255-2026.-Se-suma-SSPT-a-colecta-nacional-Teleton-2026-15-400x600.jpeg",400,600,true],"cvmm-medium-square":["https:\/\/puenteinformativo.info\/wp-content\/uploads\/2026\/08\/SSP-255-2026.-Se-suma-SSPT-a-colecta-nacional-Teleton-2026-15-600x600.jpeg",600,600,true],"cvmm-large":["https:\/\/puenteinformativo.info\/wp-content\/uploads\/2026\/08\/SSP-255-2026.-Se-suma-SSPT-a-colecta-nacional-Teleton-2026-15-1024x960.jpeg",1024,960,true],"cvmm-small":["https:\/\/puenteinformativo.info\/wp-content\/uploads\/2026\/08\/SSP-255-2026.-Se-suma-SSPT-a-colecta-nacional-Teleton-2026-15-130x95.jpeg",130,95,true],"full":["https:\/\/puenteinformativo.info\/wp-content\/uploads\/2026\/08\/SSP-255-2026.-Se-suma-SSPT-a-colecta-nacional-Teleton-2026-15.jpeg",1280,960,false]},"_links":{"self":[{"href":"https:\/\/puenteinformativo.info\/index.php\/wp-json\/wp\/v2\/posts\/28097"}],"collection":[{"href":"https:\/\/puenteinformativo.info\/index.php\/wp-json\/wp\/v2\/posts"}],"about":[{"href":"https:\/\/puenteinformativo.info\/index.php\/wp-json\/wp\/v2\/types\/post"}],"author":[{"embeddable":true,"href":"https:\/\/puenteinformativo.info\/index.php\/wp-json\/wp\/v2\/users\/3"}],"replies":[{"embeddable":true,"href":"https:\/\/puenteinformativo.info\/index.php\/wp-json\/wp\/v2\/comments?post=28097"}],"version-history":[{"count":1,"href":"https:\/\/puenteinformativo.info\/index.php\/wp-json\/wp\/v2\/posts\/28097\/revisions"}],"predecessor-version":[{"id":28099,"href":"https:\/\/puenteinformativo.info\/index.php\/wp-json\/wp\/v2\/posts\/28097\/revisions\/28099"}],"wp:featuredmedia":[{"embeddable":true,"href":"https:\/\/puenteinformativo.info\/index.php\/wp-json\/wp\/v2\/media\/28098"}],"wp:attachment":[{"href":"https:\/\/puenteinformativo.info\/index.php\/wp-json\/wp\/v2\/media?parent=28097"}],"wp:term":[{"taxonomy":"category","embeddable":true,"href":"https:\/\/puenteinformativo.info\/index.php\/wp-json\/wp\/v2\/categories?post=28097"},{"taxonomy":"post_tag","embeddable":true,"href":"https:\/\/puenteinformativo.info\/index.php\/wp-json\/wp\/v2\/tags?post=28097"}],"curies":[{"name":"wp","href":"https:\/\/api.w.org\/{rel}","templated":true}]}}