{"id":27022,"date":"2026-03-10T11:07:14","date_gmt":"2026-03-10T16:07:14","guid":{"rendered":"https:\/\/puenteinformativo.info\/?p=27022"},"modified":"2026-03-10T11:13:16","modified_gmt":"2026-03-10T16:13:16","slug":"nombran-a-nueva-directora-del-hospital-infantil-de-tamaulipas","status":"publish","type":"post","link":"https:\/\/puenteinformativo.info\/index.php\/2026\/03\/10\/nombran-a-nueva-directora-del-hospital-infantil-de-tamaulipas\/","title":{"rendered":"Nombran a nueva Directora del Hospital Infantil de Tamaulipas"},"content":{"rendered":"\n<p>PUENTE INFORMATIVO\/Cd Victoria<\/p>\n\n\n\n<p>En la Direcci\u00f3n del propio Hospital Infantil de Tamaulipas, el Coordinador Estatal de IMSS-Bienestar en el Estado, Marggid Antonio Rodr\u00edguez Avenda\u00f1o, acompa\u00f1ado de Jos\u00e9 Luis Garza Ru\u00edz, titular de Atenci\u00f3n a la Salud, del Jefe de Personal de la Coordinaci\u00f3n, Jos\u00e9 Luis V\u00e1zquez de la Cruz, y Ariel Mercado C\u00e1rdenas, Jefe del Departamento de Educaci\u00f3n e Investigaci\u00f3n, entregaron el nombramiento como nueva directora de este Prestigiado Nosocomio, a Judith Cornejo Barrera, quien es pediatra, con subespecialidad en Endocrinolog\u00eda.<\/p>\n\n\n\n<p>Adem\u00e1s de ser fundadora de dicho Nosocomio, fue tambi\u00e9n Jefa de Investigaci\u00f3n y una reconocida y muy bien calificada Investigadora, enfocando por muchos a\u00f1os esta labor al tema de la diabetes infantil.<\/p>\n\n\n\n<p>As\u00ed mismo, tiene maestr\u00eda en Ciencias M\u00e9dicas y Epidemiolog\u00eda y maestra titular de la Especialidad de Endocrinolog\u00eda Pedi\u00e1trica. <\/p>\n\n\n\n<p>Entre muchas otras m\u00e1s responsabilidades que ha desempe\u00f1ado, se destaca la de haber sido Directora del Laboratorio Estatal de Salud P\u00fablica en Tamaulipas.<\/p>\n","protected":false},"excerpt":{"rendered":"<p>PUENTE INFORMATIVO\/Cd Victoria En la Direcci\u00f3n del propio Hospital Infantil de Tamaulipas, el Coordinador Estatal de IMSS-Bienestar en el Estado, Marggid Antonio Rodr\u00edguez Avenda\u00f1o, acompa\u00f1ado de Jos\u00e9 Luis Garza Ru\u00edz, titular de Atenci\u00f3n a la Salud, del Jefe de Personal de la Coordinaci\u00f3n, Jos\u00e9 Luis V\u00e1zquez de la Cruz, y Ariel Mercado C\u00e1rdenas, Jefe del [&hellip;]<\/p>\n","protected":false},"author":3,"featured_media":27023,"comment_status":"closed","ping_status":"closed","sticky":false,"template":"","format":"standard","meta":{"om_disable_all_campaigns":false,"_monsterinsights_skip_tracking":false,"_monsterinsights_sitenote_active":false,"_monsterinsights_sitenote_note":"","_monsterinsights_sitenote_category":0,"footnotes":""},"categories":[24],"tags":[],"aioseo_notices":[],"blog_post_layout_featured_media_urls":{"thumbnail":["https:\/\/puenteinformativo.info\/wp-content\/uploads\/2026\/03\/27138bc6-f418-469b-bf3b-374d9e602c48-150x150.jpg",150,150,true],"full":["https:\/\/puenteinformativo.info\/wp-content\/uploads\/2026\/03\/27138bc6-f418-469b-bf3b-374d9e602c48.jpg",1920,1440,false]},"categories_names":{"24":{"name":"TAMAULIPAS","link":"https:\/\/puenteinformativo.info\/index.php\/category\/tamaulipas\/"}},"tags_names":[],"comments_number":"0","wpmagazine_modules_lite_featured_media_urls":{"thumbnail":["https:\/\/puenteinformativo.info\/wp-content\/uploads\/2026\/03\/27138bc6-f418-469b-bf3b-374d9e602c48-150x150.jpg",150,150,true],"cvmm-medium":["https:\/\/puenteinformativo.info\/wp-content\/uploads\/2026\/03\/27138bc6-f418-469b-bf3b-374d9e602c48-300x300.jpg",300,300,true],"cvmm-medium-plus":["https:\/\/puenteinformativo.info\/wp-content\/uploads\/2026\/03\/27138bc6-f418-469b-bf3b-374d9e602c48-305x207.jpg",305,207,true],"cvmm-portrait":["https:\/\/puenteinformativo.info\/wp-content\/uploads\/2026\/03\/27138bc6-f418-469b-bf3b-374d9e602c48-400x600.jpg",400,600,true],"cvmm-medium-square":["https:\/\/puenteinformativo.info\/wp-content\/uploads\/2026\/03\/27138bc6-f418-469b-bf3b-374d9e602c48-600x600.jpg",600,600,true],"cvmm-large":["https:\/\/puenteinformativo.info\/wp-content\/uploads\/2026\/03\/27138bc6-f418-469b-bf3b-374d9e602c48-1024x1024.jpg",1024,1024,true],"cvmm-small":["https:\/\/puenteinformativo.info\/wp-content\/uploads\/2026\/03\/27138bc6-f418-469b-bf3b-374d9e602c48-130x95.jpg",130,95,true],"full":["https:\/\/puenteinformativo.info\/wp-content\/uploads\/2026\/03\/27138bc6-f418-469b-bf3b-374d9e602c48.jpg",1920,1440,false]},"_links":{"self":[{"href":"https:\/\/puenteinformativo.info\/index.php\/wp-json\/wp\/v2\/posts\/27022"}],"collection":[{"href":"https:\/\/puenteinformativo.info\/index.php\/wp-json\/wp\/v2\/posts"}],"about":[{"href":"https:\/\/puenteinformativo.info\/index.php\/wp-json\/wp\/v2\/types\/post"}],"author":[{"embeddable":true,"href":"https:\/\/puenteinformativo.info\/index.php\/wp-json\/wp\/v2\/users\/3"}],"replies":[{"embeddable":true,"href":"https:\/\/puenteinformativo.info\/index.php\/wp-json\/wp\/v2\/comments?post=27022"}],"version-history":[{"count":1,"href":"https:\/\/puenteinformativo.info\/index.php\/wp-json\/wp\/v2\/posts\/27022\/revisions"}],"predecessor-version":[{"id":27024,"href":"https:\/\/puenteinformativo.info\/index.php\/wp-json\/wp\/v2\/posts\/27022\/revisions\/27024"}],"wp:featuredmedia":[{"embeddable":true,"href":"https:\/\/puenteinformativo.info\/index.php\/wp-json\/wp\/v2\/media\/27023"}],"wp:attachment":[{"href":"https:\/\/puenteinformativo.info\/index.php\/wp-json\/wp\/v2\/media?parent=27022"}],"wp:term":[{"taxonomy":"category","embeddable":true,"href":"https:\/\/puenteinformativo.info\/index.php\/wp-json\/wp\/v2\/categories?post=27022"},{"taxonomy":"post_tag","embeddable":true,"href":"https:\/\/puenteinformativo.info\/index.php\/wp-json\/wp\/v2\/tags?post=27022"}],"curies":[{"name":"wp","href":"https:\/\/api.w.org\/{rel}","templated":true}]}}