{"id":2516,"date":"2022-09-23T18:31:44","date_gmt":"2022-09-23T23:31:44","guid":{"rendered":"https:\/\/puenteinformativo.info\/?p=2516"},"modified":"2022-09-23T18:36:19","modified_gmt":"2022-09-23T23:36:19","slug":"se-pospone-de-nueva-cuenta-traslado-a-prision-domiciliaria-de-felix-gallardo","status":"publish","type":"post","link":"https:\/\/puenteinformativo.info\/index.php\/2022\/09\/23\/se-pospone-de-nueva-cuenta-traslado-a-prision-domiciliaria-de-felix-gallardo\/","title":{"rendered":"Se pospone de nueva cuenta traslado a prisi\u00f3n domiciliaria de F\u00e9lix Gallardo"},"content":{"rendered":"\n<p>Por registrarse dos fallas en los mecanismos del brazalete electr\u00f3nico que deber\u00e1 utilizar<\/p>\n\n\n\n<p>PUENTE INFORMATIVO\/CDMX<\/p>\n\n\n\n<p>El narcotraficante&nbsp;Miguel \u00c1ngel F\u00e9lix Gallardo, fundador del c\u00e1rtel de&nbsp;Guadalajara, permanecer\u00e1 interno en el penal de&nbsp;Puente Grande&nbsp;despu\u00e9s de que un juez suspendiera su traslado para que cumpliera su sentencia en&nbsp;prisi\u00f3n domiciliaria.<\/p>\n\n\n\n<p>La&nbsp;Direcci\u00f3n General de Prevenci\u00f3n y Reinserci\u00f3n Social del Estado de Jalisco&nbsp;inform\u00f3 que el juez argument\u00f3 dos motivos para suspender el traslado por dos motivos:<\/p>\n\n\n\n<p>Fallas detectadas durante las pruebas al&nbsp;brazalete electr\u00f3nico.<\/p>\n\n\n\n<p>La&nbsp;FGR&nbsp;solicit\u00f3 que el capo fuera trasladado a un&nbsp;Cefereso&nbsp;en Morelos.<\/p>\n\n\n\n<p>Un juez federal concedi\u00f3 al capo la prisi\u00f3n domiciliaria debido a su deteriorado estado de salud.<\/p>\n\n\n\n<p>La&nbsp;Secretar\u00eda de Seguridad P\u00fablica y Protecci\u00f3n Ciudadana&nbsp;(SSPC) inform\u00f3 esta semana que el narcotraficante&nbsp;Miguel \u00c1ngel F\u00e9lix Gallardo&nbsp;tiene&nbsp;22 padecimientos de salud.<\/p>\n\n\n\n<p>El informe m\u00e9dico del fundador del C\u00e1rtel de Guadalajara, de 76 a\u00f1os de edad, destaca entre sus padecimientos sordera izquierda y muy mala audici\u00f3n derecha, atrofia del globo ocular izquierdo y glaucoma en ojo izquierdo, carcinoma facial, hernia de disco, hipertrofia de pr\u00f3stata benigna.<\/p>\n\n\n\n<p>La secretaria de Seguridad apunt\u00f3 que el tambi\u00e9n conocido como&nbsp;El Jefe de Jefes&nbsp;tiene prescritos 13 medicamentos, y detall\u00f3 que es atendido de manera permanente por el \u00e1rea m\u00e9dica del Penal de Puente grande, en el estado de Jalisco, as\u00ed como por especialistas de segundo y tercer nivel.<\/p>\n\n\n\n<p>Miguel \u00c1ngel F\u00e9lix Gallardo, encarcelado desde el a\u00f1o de 1989, cuenta con dos condenas: una por 40 a\u00f1os por los delitos contra la salud, acopio de armas y cohecho, as\u00ed como otra m\u00e1s de 37 a\u00f1os por el asesinato del agente de la DEA Enrique Camarena ocurrida en el a\u00f1o de 1985.<\/p>\n","protected":false},"excerpt":{"rendered":"<p>Por registrarse dos fallas en los mecanismos del brazalete electr\u00f3nico que deber\u00e1 utilizar PUENTE INFORMATIVO\/CDMX El narcotraficante&nbsp;Miguel \u00c1ngel F\u00e9lix Gallardo, fundador del c\u00e1rtel de&nbsp;Guadalajara, permanecer\u00e1 interno en el penal de&nbsp;Puente Grande&nbsp;despu\u00e9s de que un juez suspendiera su traslado para que cumpliera su sentencia en&nbsp;prisi\u00f3n domiciliaria. La&nbsp;Direcci\u00f3n General de Prevenci\u00f3n y Reinserci\u00f3n Social del Estado de [&hellip;]<\/p>\n","protected":false},"author":3,"featured_media":2517,"comment_status":"closed","ping_status":"closed","sticky":false,"template":"","format":"standard","meta":{"om_disable_all_campaigns":false,"_monsterinsights_skip_tracking":false,"_monsterinsights_sitenote_active":false,"_monsterinsights_sitenote_note":"","_monsterinsights_sitenote_category":0,"footnotes":""},"categories":[11],"tags":[],"aioseo_notices":[],"blog_post_layout_featured_media_urls":{"thumbnail":["https:\/\/puenteinformativo.info\/wp-content\/uploads\/2022\/09\/padecimientos-miguel-angel-felix-gallardo-1-150x150.webp",150,150,true],"full":["https:\/\/puenteinformativo.info\/wp-content\/uploads\/2022\/09\/padecimientos-miguel-angel-felix-gallardo-1.webp",1024,575,false]},"categories_names":{"11":{"name":"NACIONAL","link":"https:\/\/puenteinformativo.info\/index.php\/category\/nacional\/"}},"tags_names":[],"comments_number":"0","wpmagazine_modules_lite_featured_media_urls":{"thumbnail":["https:\/\/puenteinformativo.info\/wp-content\/uploads\/2022\/09\/padecimientos-miguel-angel-felix-gallardo-1-150x150.webp",150,150,true],"cvmm-medium":["https:\/\/puenteinformativo.info\/wp-content\/uploads\/2022\/09\/padecimientos-miguel-angel-felix-gallardo-1-300x300.webp",300,300,true],"cvmm-medium-plus":["https:\/\/puenteinformativo.info\/wp-content\/uploads\/2022\/09\/padecimientos-miguel-angel-felix-gallardo-1-305x207.webp",305,207,true],"cvmm-portrait":["https:\/\/puenteinformativo.info\/wp-content\/uploads\/2022\/09\/padecimientos-miguel-angel-felix-gallardo-1-400x575.webp",400,575,true],"cvmm-medium-square":["https:\/\/puenteinformativo.info\/wp-content\/uploads\/2022\/09\/padecimientos-miguel-angel-felix-gallardo-1-600x575.webp",600,575,true],"cvmm-large":["https:\/\/puenteinformativo.info\/wp-content\/uploads\/2022\/09\/padecimientos-miguel-angel-felix-gallardo-1.webp",1024,575,false],"cvmm-small":["https:\/\/puenteinformativo.info\/wp-content\/uploads\/2022\/09\/padecimientos-miguel-angel-felix-gallardo-1-130x95.webp",130,95,true],"full":["https:\/\/puenteinformativo.info\/wp-content\/uploads\/2022\/09\/padecimientos-miguel-angel-felix-gallardo-1.webp",1024,575,false]},"_links":{"self":[{"href":"https:\/\/puenteinformativo.info\/index.php\/wp-json\/wp\/v2\/posts\/2516"}],"collection":[{"href":"https:\/\/puenteinformativo.info\/index.php\/wp-json\/wp\/v2\/posts"}],"about":[{"href":"https:\/\/puenteinformativo.info\/index.php\/wp-json\/wp\/v2\/types\/post"}],"author":[{"embeddable":true,"href":"https:\/\/puenteinformativo.info\/index.php\/wp-json\/wp\/v2\/users\/3"}],"replies":[{"embeddable":true,"href":"https:\/\/puenteinformativo.info\/index.php\/wp-json\/wp\/v2\/comments?post=2516"}],"version-history":[{"count":1,"href":"https:\/\/puenteinformativo.info\/index.php\/wp-json\/wp\/v2\/posts\/2516\/revisions"}],"predecessor-version":[{"id":2518,"href":"https:\/\/puenteinformativo.info\/index.php\/wp-json\/wp\/v2\/posts\/2516\/revisions\/2518"}],"wp:featuredmedia":[{"embeddable":true,"href":"https:\/\/puenteinformativo.info\/index.php\/wp-json\/wp\/v2\/media\/2517"}],"wp:attachment":[{"href":"https:\/\/puenteinformativo.info\/index.php\/wp-json\/wp\/v2\/media?parent=2516"}],"wp:term":[{"taxonomy":"category","embeddable":true,"href":"https:\/\/puenteinformativo.info\/index.php\/wp-json\/wp\/v2\/categories?post=2516"},{"taxonomy":"post_tag","embeddable":true,"href":"https:\/\/puenteinformativo.info\/index.php\/wp-json\/wp\/v2\/tags?post=2516"}],"curies":[{"name":"wp","href":"https:\/\/api.w.org\/{rel}","templated":true}]}}