{"id":24726,"date":"2025-05-12T20:01:39","date_gmt":"2025-05-13T01:01:39","guid":{"rendered":"https:\/\/puenteinformativo.info\/?p=24726"},"modified":"2025-05-12T20:01:57","modified_gmt":"2025-05-13T01:01:57","slug":"gobierno-municipal-y-direccion-de-cultura-realizan-con-exito-el-mercadito-del-dia-de-las-madres","status":"publish","type":"post","link":"https:\/\/puenteinformativo.info\/index.php\/2025\/05\/12\/gobierno-municipal-y-direccion-de-cultura-realizan-con-exito-el-mercadito-del-dia-de-las-madres\/","title":{"rendered":"Gobierno Municipal y Direcci\u00f3n de Cultura realizan con \u00e9xito el \u201cMercadito del D\u00eda de las Madres\u201d"},"content":{"rendered":"\n<p>PUENTE INFORMATIVO\/Matamoros<\/p>\n\n\n\n<p>Con el objetivo de celebrar a las madres y promover el comercio local, el Gobierno Municipal, encabezado por el alcalde Beto Granados, en coordinaci\u00f3n con la Direcci\u00f3n de Cultura, organiz\u00f3 con gran \u00e9xito el \u201cMercadito del D\u00eda de las Madres\u201d, realizado en las instalaciones del Parque Ol\u00edmpico.<\/p>\n\n\n\n<p>Desde temprana hora, decenas de familias se dieron cita para disfrutar de una jornada llena de alegr\u00eda, convivencia y talento local. El evento cont\u00f3 con la participaci\u00f3n de expositores que ofrecieron una gran variedad de productos, como artesan\u00edas, joyer\u00eda, reposter\u00eda, plantas, entre otros art\u00edculos ideales para regalar en esta fecha tan especial.<\/p>\n\n\n\n<p>Adem\u00e1s del \u00e1rea comercial, el mercadito fue amenizado con un programa art\u00edstico y cultural que incluy\u00f3 presentaciones musicales, grupos folcl\u00f3ricos, cantantes locales, y espect\u00e1culos pensados especialmente para consentir a las madres. Tambi\u00e9n se ofrecieron din\u00e1micas, rifas y sorpresas para las asistentes, quienes disfrutaron de un ambiente familiar, seguro y lleno de emociones.<\/p>\n\n\n\n<p>La Direcci\u00f3n de Cultura destac\u00f3 que este tipo de iniciativas no solo promueven la expresi\u00f3n art\u00edstica y cultural del municipio, sino que tambi\u00e9n ofrecen un espacio para que los talentos emergentes y los peque\u00f1os negocios locales encuentren visibilidad y apoyo por parte de la comunidad.<\/p>\n","protected":false},"excerpt":{"rendered":"<p>PUENTE INFORMATIVO\/Matamoros Con el objetivo de celebrar a las madres y promover el comercio local, el Gobierno Municipal, encabezado por el alcalde Beto Granados, en coordinaci\u00f3n con la Direcci\u00f3n de Cultura, organiz\u00f3 con gran \u00e9xito el \u201cMercadito del D\u00eda de las Madres\u201d, realizado en las instalaciones del Parque Ol\u00edmpico. Desde temprana hora, decenas de familias [&hellip;]<\/p>\n","protected":false},"author":3,"featured_media":24727,"comment_status":"closed","ping_status":"closed","sticky":false,"template":"","format":"standard","meta":{"om_disable_all_campaigns":false,"_monsterinsights_skip_tracking":false,"_monsterinsights_sitenote_active":false,"_monsterinsights_sitenote_note":"","_monsterinsights_sitenote_category":0,"footnotes":""},"categories":[2],"tags":[],"aioseo_notices":[],"blog_post_layout_featured_media_urls":{"thumbnail":["https:\/\/puenteinformativo.info\/wp-content\/uploads\/2025\/05\/WhatsApp-Image-2025-05-12-at-9.33.13-AM-150x150.jpeg",150,150,true],"full":["https:\/\/puenteinformativo.info\/wp-content\/uploads\/2025\/05\/WhatsApp-Image-2025-05-12-at-9.33.13-AM.jpeg",1080,720,false]},"categories_names":{"2":{"name":"LOCAL","link":"https:\/\/puenteinformativo.info\/index.php\/category\/local\/"}},"tags_names":[],"comments_number":"0","wpmagazine_modules_lite_featured_media_urls":{"thumbnail":["https:\/\/puenteinformativo.info\/wp-content\/uploads\/2025\/05\/WhatsApp-Image-2025-05-12-at-9.33.13-AM-150x150.jpeg",150,150,true],"cvmm-medium":["https:\/\/puenteinformativo.info\/wp-content\/uploads\/2025\/05\/WhatsApp-Image-2025-05-12-at-9.33.13-AM-300x300.jpeg",300,300,true],"cvmm-medium-plus":["https:\/\/puenteinformativo.info\/wp-content\/uploads\/2025\/05\/WhatsApp-Image-2025-05-12-at-9.33.13-AM-305x207.jpeg",305,207,true],"cvmm-portrait":["https:\/\/puenteinformativo.info\/wp-content\/uploads\/2025\/05\/WhatsApp-Image-2025-05-12-at-9.33.13-AM-400x600.jpeg",400,600,true],"cvmm-medium-square":["https:\/\/puenteinformativo.info\/wp-content\/uploads\/2025\/05\/WhatsApp-Image-2025-05-12-at-9.33.13-AM-600x600.jpeg",600,600,true],"cvmm-large":["https:\/\/puenteinformativo.info\/wp-content\/uploads\/2025\/05\/WhatsApp-Image-2025-05-12-at-9.33.13-AM-1024x720.jpeg",1024,720,true],"cvmm-small":["https:\/\/puenteinformativo.info\/wp-content\/uploads\/2025\/05\/WhatsApp-Image-2025-05-12-at-9.33.13-AM-130x95.jpeg",130,95,true],"full":["https:\/\/puenteinformativo.info\/wp-content\/uploads\/2025\/05\/WhatsApp-Image-2025-05-12-at-9.33.13-AM.jpeg",1080,720,false]},"_links":{"self":[{"href":"https:\/\/puenteinformativo.info\/index.php\/wp-json\/wp\/v2\/posts\/24726"}],"collection":[{"href":"https:\/\/puenteinformativo.info\/index.php\/wp-json\/wp\/v2\/posts"}],"about":[{"href":"https:\/\/puenteinformativo.info\/index.php\/wp-json\/wp\/v2\/types\/post"}],"author":[{"embeddable":true,"href":"https:\/\/puenteinformativo.info\/index.php\/wp-json\/wp\/v2\/users\/3"}],"replies":[{"embeddable":true,"href":"https:\/\/puenteinformativo.info\/index.php\/wp-json\/wp\/v2\/comments?post=24726"}],"version-history":[{"count":1,"href":"https:\/\/puenteinformativo.info\/index.php\/wp-json\/wp\/v2\/posts\/24726\/revisions"}],"predecessor-version":[{"id":24728,"href":"https:\/\/puenteinformativo.info\/index.php\/wp-json\/wp\/v2\/posts\/24726\/revisions\/24728"}],"wp:featuredmedia":[{"embeddable":true,"href":"https:\/\/puenteinformativo.info\/index.php\/wp-json\/wp\/v2\/media\/24727"}],"wp:attachment":[{"href":"https:\/\/puenteinformativo.info\/index.php\/wp-json\/wp\/v2\/media?parent=24726"}],"wp:term":[{"taxonomy":"category","embeddable":true,"href":"https:\/\/puenteinformativo.info\/index.php\/wp-json\/wp\/v2\/categories?post=24726"},{"taxonomy":"post_tag","embeddable":true,"href":"https:\/\/puenteinformativo.info\/index.php\/wp-json\/wp\/v2\/tags?post=24726"}],"curies":[{"name":"wp","href":"https:\/\/api.w.org\/{rel}","templated":true}]}}