{"id":24265,"date":"2025-04-07T19:40:00","date_gmt":"2025-04-08T00:40:00","guid":{"rendered":"https:\/\/puenteinformativo.info\/?p=24265"},"modified":"2025-04-23T19:41:10","modified_gmt":"2025-04-24T00:41:10","slug":"invita-gobierno-municipal-a-ninos-y-ninas-a-participar-en-la-fiesta-de-colores","status":"publish","type":"post","link":"https:\/\/puenteinformativo.info\/index.php\/2025\/04\/07\/invita-gobierno-municipal-a-ninos-y-ninas-a-participar-en-la-fiesta-de-colores\/","title":{"rendered":"Invita Gobierno Municipal a ni\u00f1os y ni\u00f1as a participar en la Fiesta de colores"},"content":{"rendered":"\n<p>PUENTE INFORMATIVO\/Matamoros<\/p>\n\n\n\n<p>El Gobierno Municipal de Matamoros, encabezado por el presidente municipal Beto Granados, extiende una cordial invitaci\u00f3n a todas las ni\u00f1as y ni\u00f1os de la ciudad a participar en la Fiesta de Colores, un taller de pintura dise\u00f1ado para fomentar la creatividad y el amor por el arte desde una edad temprana.<\/p>\n\n\n\n<p>Este taller, que se llevar\u00e1 a cabo el mi\u00e9rcoles 9 de abril de 2025 a las 9:00 a.m., tiene como objetivo proporcionar a los m\u00e1s j\u00f3venes un espacio para explorar su potencial art\u00edstico y desarrollar habilidades en la pintura. A trav\u00e9s de esta actividad, se busca cultivar el inter\u00e9s por las artes visuales, promoviendo la expresi\u00f3n personal y el trabajo en equipo en un ambiente lleno de colores, imaginaci\u00f3n y diversi\u00f3n.<\/p>\n\n\n\n<p>El taller ser\u00e1 dirigido por el Mtro. Joaqu\u00edn Garc\u00eda Quintana, un reconocido instructor de arte local, quien guiar\u00e1 a los participantes en la creaci\u00f3n de sus propias obras. A lo largo de la jornada, los ni\u00f1os podr\u00e1n aprender t\u00e9cnicas b\u00e1sicas de pintura, experimentar con diferentes materiales y, sobre todo, disfrutar de una experiencia l\u00fadica que les permitir\u00e1 expresarse libremente.<\/p>\n\n\n\n<p>El Parque Ol\u00edmpico ser\u00e1 el escenario donde se llevar\u00e1 a cabo esta actividad, un lugar accesible y adecuado para que los peque\u00f1os puedan disfrutar de la jornada de forma segura y c\u00f3moda. Este evento se enmarca dentro de las acciones del gobierno municipal para promover actividades culturales y educativas que enriquezcan la vida de la comunidad; el presidente municipal Beto Granados destac\u00f3 la importancia de apoyar desde la infancia el desarrollo art\u00edstico de los ni\u00f1os, asegurando que la creatividad es una herramienta clave para el crecimiento personal y profesional.<\/p>\n","protected":false},"excerpt":{"rendered":"<p>PUENTE INFORMATIVO\/Matamoros El Gobierno Municipal de Matamoros, encabezado por el presidente municipal Beto Granados, extiende una cordial invitaci\u00f3n a todas las ni\u00f1as y ni\u00f1os de la ciudad a participar en la Fiesta de Colores, un taller de pintura dise\u00f1ado para fomentar la creatividad y el amor por el arte desde una edad temprana. Este taller, [&hellip;]<\/p>\n","protected":false},"author":3,"featured_media":24266,"comment_status":"closed","ping_status":"closed","sticky":false,"template":"","format":"standard","meta":{"om_disable_all_campaigns":false,"_monsterinsights_skip_tracking":false,"_monsterinsights_sitenote_active":false,"_monsterinsights_sitenote_note":"","_monsterinsights_sitenote_category":0,"footnotes":""},"categories":[2],"tags":[],"aioseo_notices":[],"blog_post_layout_featured_media_urls":{"thumbnail":["https:\/\/puenteinformativo.info\/wp-content\/uploads\/2025\/04\/WhatsApp-Image-2025-04-07-at-3.14.00-PM-150x150.jpeg",150,150,true],"full":["https:\/\/puenteinformativo.info\/wp-content\/uploads\/2025\/04\/WhatsApp-Image-2025-04-07-at-3.14.00-PM.jpeg",1080,1350,false]},"categories_names":{"2":{"name":"LOCAL","link":"https:\/\/puenteinformativo.info\/index.php\/category\/local\/"}},"tags_names":[],"comments_number":"0","wpmagazine_modules_lite_featured_media_urls":{"thumbnail":["https:\/\/puenteinformativo.info\/wp-content\/uploads\/2025\/04\/WhatsApp-Image-2025-04-07-at-3.14.00-PM-150x150.jpeg",150,150,true],"cvmm-medium":["https:\/\/puenteinformativo.info\/wp-content\/uploads\/2025\/04\/WhatsApp-Image-2025-04-07-at-3.14.00-PM-300x300.jpeg",300,300,true],"cvmm-medium-plus":["https:\/\/puenteinformativo.info\/wp-content\/uploads\/2025\/04\/WhatsApp-Image-2025-04-07-at-3.14.00-PM-305x207.jpeg",305,207,true],"cvmm-portrait":["https:\/\/puenteinformativo.info\/wp-content\/uploads\/2025\/04\/WhatsApp-Image-2025-04-07-at-3.14.00-PM-400x600.jpeg",400,600,true],"cvmm-medium-square":["https:\/\/puenteinformativo.info\/wp-content\/uploads\/2025\/04\/WhatsApp-Image-2025-04-07-at-3.14.00-PM-600x600.jpeg",600,600,true],"cvmm-large":["https:\/\/puenteinformativo.info\/wp-content\/uploads\/2025\/04\/WhatsApp-Image-2025-04-07-at-3.14.00-PM-1024x1024.jpeg",1024,1024,true],"cvmm-small":["https:\/\/puenteinformativo.info\/wp-content\/uploads\/2025\/04\/WhatsApp-Image-2025-04-07-at-3.14.00-PM-130x95.jpeg",130,95,true],"full":["https:\/\/puenteinformativo.info\/wp-content\/uploads\/2025\/04\/WhatsApp-Image-2025-04-07-at-3.14.00-PM.jpeg",1080,1350,false]},"_links":{"self":[{"href":"https:\/\/puenteinformativo.info\/index.php\/wp-json\/wp\/v2\/posts\/24265"}],"collection":[{"href":"https:\/\/puenteinformativo.info\/index.php\/wp-json\/wp\/v2\/posts"}],"about":[{"href":"https:\/\/puenteinformativo.info\/index.php\/wp-json\/wp\/v2\/types\/post"}],"author":[{"embeddable":true,"href":"https:\/\/puenteinformativo.info\/index.php\/wp-json\/wp\/v2\/users\/3"}],"replies":[{"embeddable":true,"href":"https:\/\/puenteinformativo.info\/index.php\/wp-json\/wp\/v2\/comments?post=24265"}],"version-history":[{"count":1,"href":"https:\/\/puenteinformativo.info\/index.php\/wp-json\/wp\/v2\/posts\/24265\/revisions"}],"predecessor-version":[{"id":24267,"href":"https:\/\/puenteinformativo.info\/index.php\/wp-json\/wp\/v2\/posts\/24265\/revisions\/24267"}],"wp:featuredmedia":[{"embeddable":true,"href":"https:\/\/puenteinformativo.info\/index.php\/wp-json\/wp\/v2\/media\/24266"}],"wp:attachment":[{"href":"https:\/\/puenteinformativo.info\/index.php\/wp-json\/wp\/v2\/media?parent=24265"}],"wp:term":[{"taxonomy":"category","embeddable":true,"href":"https:\/\/puenteinformativo.info\/index.php\/wp-json\/wp\/v2\/categories?post=24265"},{"taxonomy":"post_tag","embeddable":true,"href":"https:\/\/puenteinformativo.info\/index.php\/wp-json\/wp\/v2\/tags?post=24265"}],"curies":[{"name":"wp","href":"https:\/\/api.w.org\/{rel}","templated":true}]}}