{"id":24005,"date":"2025-04-21T22:20:32","date_gmt":"2025-04-22T03:20:32","guid":{"rendered":"https:\/\/puenteinformativo.info\/?p=24005"},"modified":"2025-04-21T22:20:58","modified_gmt":"2025-04-22T03:20:58","slug":"bienestar-social-no-baja-la-guardia-y-sigue-trabajando-en-beneficio-de-los-matamorenses","status":"publish","type":"post","link":"https:\/\/puenteinformativo.info\/index.php\/2025\/04\/21\/bienestar-social-no-baja-la-guardia-y-sigue-trabajando-en-beneficio-de-los-matamorenses\/","title":{"rendered":"Bienestar Social no baja la guardia y sigue trabajando en beneficio de los matamorenses"},"content":{"rendered":"\n<p>PUENTE INFORMATIVO\/Matamoros<\/p>\n\n\n\n<p>Durante el mes de marzo, la Secretar\u00eda de Bienestar Social llev\u00f3 a cabo una intensa agenda territorial enfocada en el bienestar de la comunidad, mediante la realizaci\u00f3n de brigadas, talleres, rehabilitaci\u00f3n de espacios p\u00fablicos y acciones colaborativas, inform\u00f3 el alcalde, Beto Granados.<\/p>\n\n\n\n<p>Indic\u00f3 que con un enfoque integral que prioriza la inclusi\u00f3n, el desarrollo social y la participaci\u00f3n ciudadana, se brind\u00f3 atenci\u00f3n directa a m\u00e1s de 8,600 personas a trav\u00e9s del programa Martes en tu Colonia. Adem\u00e1s, se ofrecieron asesor\u00edas jur\u00eddicas, acompa\u00f1amiento emocional y actividades comunitarias en diversas colonias y zonas rurales del municipio.<\/p>\n\n\n\n<p>Asimismo sostuvo que cada una de estas acciones refleja el firme compromiso de esta administraci\u00f3n con la construcci\u00f3n de entornos m\u00e1s justos, seguros y participativos, fortaleciendo el tejido social desde una presencia activa y cercana en el territorio.<\/p>\n\n\n\n<p>Con proyectos enfocados en educaci\u00f3n, innovaci\u00f3n digital y mejora de procesos, se sigue construyendo una administraci\u00f3n m\u00e1s preparada y cercana a las necesidades reales, coment\u00f3 finalmente el alcalde.<\/p>\n","protected":false},"excerpt":{"rendered":"<p>PUENTE INFORMATIVO\/Matamoros Durante el mes de marzo, la Secretar\u00eda de Bienestar Social llev\u00f3 a cabo una intensa agenda territorial enfocada en el bienestar de la comunidad, mediante la realizaci\u00f3n de brigadas, talleres, rehabilitaci\u00f3n de espacios p\u00fablicos y acciones colaborativas, inform\u00f3 el alcalde, Beto Granados. Indic\u00f3 que con un enfoque integral que prioriza la inclusi\u00f3n, el [&hellip;]<\/p>\n","protected":false},"author":3,"featured_media":24006,"comment_status":"closed","ping_status":"closed","sticky":false,"template":"","format":"standard","meta":{"om_disable_all_campaigns":false,"_monsterinsights_skip_tracking":false,"_monsterinsights_sitenote_active":false,"_monsterinsights_sitenote_note":"","_monsterinsights_sitenote_category":0,"footnotes":""},"categories":[2],"tags":[],"aioseo_notices":[],"blog_post_layout_featured_media_urls":{"thumbnail":["https:\/\/puenteinformativo.info\/wp-content\/uploads\/2025\/04\/WhatsApp-Image-2025-04-21-at-12.04.55-PM-1-150x150.jpeg",150,150,true],"full":["https:\/\/puenteinformativo.info\/wp-content\/uploads\/2025\/04\/WhatsApp-Image-2025-04-21-at-12.04.55-PM-1.jpeg",1080,1080,false]},"categories_names":{"2":{"name":"LOCAL","link":"https:\/\/puenteinformativo.info\/index.php\/category\/local\/"}},"tags_names":[],"comments_number":"0","wpmagazine_modules_lite_featured_media_urls":{"thumbnail":["https:\/\/puenteinformativo.info\/wp-content\/uploads\/2025\/04\/WhatsApp-Image-2025-04-21-at-12.04.55-PM-1-150x150.jpeg",150,150,true],"cvmm-medium":["https:\/\/puenteinformativo.info\/wp-content\/uploads\/2025\/04\/WhatsApp-Image-2025-04-21-at-12.04.55-PM-1-300x300.jpeg",300,300,true],"cvmm-medium-plus":["https:\/\/puenteinformativo.info\/wp-content\/uploads\/2025\/04\/WhatsApp-Image-2025-04-21-at-12.04.55-PM-1-305x207.jpeg",305,207,true],"cvmm-portrait":["https:\/\/puenteinformativo.info\/wp-content\/uploads\/2025\/04\/WhatsApp-Image-2025-04-21-at-12.04.55-PM-1-400x600.jpeg",400,600,true],"cvmm-medium-square":["https:\/\/puenteinformativo.info\/wp-content\/uploads\/2025\/04\/WhatsApp-Image-2025-04-21-at-12.04.55-PM-1-600x600.jpeg",600,600,true],"cvmm-large":["https:\/\/puenteinformativo.info\/wp-content\/uploads\/2025\/04\/WhatsApp-Image-2025-04-21-at-12.04.55-PM-1-1024x1024.jpeg",1024,1024,true],"cvmm-small":["https:\/\/puenteinformativo.info\/wp-content\/uploads\/2025\/04\/WhatsApp-Image-2025-04-21-at-12.04.55-PM-1-130x95.jpeg",130,95,true],"full":["https:\/\/puenteinformativo.info\/wp-content\/uploads\/2025\/04\/WhatsApp-Image-2025-04-21-at-12.04.55-PM-1.jpeg",1080,1080,false]},"_links":{"self":[{"href":"https:\/\/puenteinformativo.info\/index.php\/wp-json\/wp\/v2\/posts\/24005"}],"collection":[{"href":"https:\/\/puenteinformativo.info\/index.php\/wp-json\/wp\/v2\/posts"}],"about":[{"href":"https:\/\/puenteinformativo.info\/index.php\/wp-json\/wp\/v2\/types\/post"}],"author":[{"embeddable":true,"href":"https:\/\/puenteinformativo.info\/index.php\/wp-json\/wp\/v2\/users\/3"}],"replies":[{"embeddable":true,"href":"https:\/\/puenteinformativo.info\/index.php\/wp-json\/wp\/v2\/comments?post=24005"}],"version-history":[{"count":1,"href":"https:\/\/puenteinformativo.info\/index.php\/wp-json\/wp\/v2\/posts\/24005\/revisions"}],"predecessor-version":[{"id":24007,"href":"https:\/\/puenteinformativo.info\/index.php\/wp-json\/wp\/v2\/posts\/24005\/revisions\/24007"}],"wp:featuredmedia":[{"embeddable":true,"href":"https:\/\/puenteinformativo.info\/index.php\/wp-json\/wp\/v2\/media\/24006"}],"wp:attachment":[{"href":"https:\/\/puenteinformativo.info\/index.php\/wp-json\/wp\/v2\/media?parent=24005"}],"wp:term":[{"taxonomy":"category","embeddable":true,"href":"https:\/\/puenteinformativo.info\/index.php\/wp-json\/wp\/v2\/categories?post=24005"},{"taxonomy":"post_tag","embeddable":true,"href":"https:\/\/puenteinformativo.info\/index.php\/wp-json\/wp\/v2\/tags?post=24005"}],"curies":[{"name":"wp","href":"https:\/\/api.w.org\/{rel}","templated":true}]}}