{"id":23893,"date":"2025-03-04T21:03:38","date_gmt":"2025-03-05T03:03:38","guid":{"rendered":"https:\/\/puenteinformativo.info\/?p=23893"},"modified":"2025-04-10T21:06:45","modified_gmt":"2025-04-11T02:06:45","slug":"matamoros-seguro-despliega-seguridad-publica-municipal-operativo-en-principales-vias-de-la-ciudad","status":"publish","type":"post","link":"https:\/\/puenteinformativo.info\/index.php\/2025\/03\/04\/matamoros-seguro-despliega-seguridad-publica-municipal-operativo-en-principales-vias-de-la-ciudad\/","title":{"rendered":"Matamoros Seguro: Despliega Seguridad P\u00fablica Municipal operativo en principales v\u00edas de la ciudad"},"content":{"rendered":"\n<p>PUENTE INFORMATIVO\/Matamoros<\/p>\n\n\n\n<p>Bajo las instrucciones del alcalde Beto Granados y en busca de que prevalezca la seguridad en el municipio, la Secretar\u00eda de Seguridad P\u00fablica Municipal en coordinaci\u00f3n con corporaciones estatales y federales realizaron un importante operativo nocturno en el municipio.<\/p>\n\n\n\n<p>Eduardo Jeu Silva Capistr\u00e1n, secretario de Seguridad, encabez\u00f3 en coordinaci\u00f3n con el comandante de Tr\u00e1nsito Municipal, Jos\u00e9 Luis Garc\u00eda, este relevante recorrido en el que se transitaron las principales arterias viales de la ciudad, como la Diagonal Cuauht\u00e9moc, Av. Carlos Salazar, Av. Sexta, \u00c1lvaro Obreg\u00f3n y Pedro C\u00e1rdenas.<\/p>\n\n\n\n<p>El secretario de Seguridad P\u00fablica enfatiz\u00f3 en que estos recorridos se mantendr\u00e1n por instrucciones del presidente municipal los d\u00edas lunes y jueves; se hab\u00edan mantenido suspendidos por las Fiestas Mexicanas, retom\u00e1ndose el d\u00eda de hoy.&nbsp;Se inform\u00f3 tambi\u00e9n que est\u00e9 pr\u00f3ximo jueves el operativo se desplegar\u00e1 en mayor magnitud y en colonias estrategias del municipio.<\/p>\n\n\n\n<p>Guardia Nacional, Sedena, Polic\u00eda Estatal, Polic\u00eda de Proximidad y unidades de Tr\u00e1nsito Municipal estuvieron participando en el recorrido, pero se espera que a partir de los pr\u00f3ximos operativos se integren miembros de la Mariana y de la Fiscal\u00eda General de Justicia del Estado de Tamaulipas (FGJT).<\/p>\n","protected":false},"excerpt":{"rendered":"<p>PUENTE INFORMATIVO\/Matamoros Bajo las instrucciones del alcalde Beto Granados y en busca de que prevalezca la seguridad en el municipio, la Secretar\u00eda de Seguridad P\u00fablica Municipal en coordinaci\u00f3n con corporaciones estatales y federales realizaron un importante operativo nocturno en el municipio. Eduardo Jeu Silva Capistr\u00e1n, secretario de Seguridad, encabez\u00f3 en coordinaci\u00f3n con el comandante de [&hellip;]<\/p>\n","protected":false},"author":3,"featured_media":23894,"comment_status":"closed","ping_status":"closed","sticky":false,"template":"","format":"standard","meta":{"om_disable_all_campaigns":false,"_monsterinsights_skip_tracking":false,"_monsterinsights_sitenote_active":false,"_monsterinsights_sitenote_note":"","_monsterinsights_sitenote_category":0,"footnotes":""},"categories":[2],"tags":[],"aioseo_notices":[],"blog_post_layout_featured_media_urls":{"thumbnail":["https:\/\/puenteinformativo.info\/wp-content\/uploads\/2025\/04\/WhatsApp-Image-2025-03-04-at-07.03.38-150x150.jpeg",150,150,true],"full":["https:\/\/puenteinformativo.info\/wp-content\/uploads\/2025\/04\/WhatsApp-Image-2025-03-04-at-07.03.38.jpeg",1280,720,false]},"categories_names":{"2":{"name":"LOCAL","link":"https:\/\/puenteinformativo.info\/index.php\/category\/local\/"}},"tags_names":[],"comments_number":"0","wpmagazine_modules_lite_featured_media_urls":{"thumbnail":["https:\/\/puenteinformativo.info\/wp-content\/uploads\/2025\/04\/WhatsApp-Image-2025-03-04-at-07.03.38-150x150.jpeg",150,150,true],"cvmm-medium":["https:\/\/puenteinformativo.info\/wp-content\/uploads\/2025\/04\/WhatsApp-Image-2025-03-04-at-07.03.38-300x300.jpeg",300,300,true],"cvmm-medium-plus":["https:\/\/puenteinformativo.info\/wp-content\/uploads\/2025\/04\/WhatsApp-Image-2025-03-04-at-07.03.38-305x207.jpeg",305,207,true],"cvmm-portrait":["https:\/\/puenteinformativo.info\/wp-content\/uploads\/2025\/04\/WhatsApp-Image-2025-03-04-at-07.03.38-400x600.jpeg",400,600,true],"cvmm-medium-square":["https:\/\/puenteinformativo.info\/wp-content\/uploads\/2025\/04\/WhatsApp-Image-2025-03-04-at-07.03.38-600x600.jpeg",600,600,true],"cvmm-large":["https:\/\/puenteinformativo.info\/wp-content\/uploads\/2025\/04\/WhatsApp-Image-2025-03-04-at-07.03.38-1024x720.jpeg",1024,720,true],"cvmm-small":["https:\/\/puenteinformativo.info\/wp-content\/uploads\/2025\/04\/WhatsApp-Image-2025-03-04-at-07.03.38-130x95.jpeg",130,95,true],"full":["https:\/\/puenteinformativo.info\/wp-content\/uploads\/2025\/04\/WhatsApp-Image-2025-03-04-at-07.03.38.jpeg",1280,720,false]},"_links":{"self":[{"href":"https:\/\/puenteinformativo.info\/index.php\/wp-json\/wp\/v2\/posts\/23893"}],"collection":[{"href":"https:\/\/puenteinformativo.info\/index.php\/wp-json\/wp\/v2\/posts"}],"about":[{"href":"https:\/\/puenteinformativo.info\/index.php\/wp-json\/wp\/v2\/types\/post"}],"author":[{"embeddable":true,"href":"https:\/\/puenteinformativo.info\/index.php\/wp-json\/wp\/v2\/users\/3"}],"replies":[{"embeddable":true,"href":"https:\/\/puenteinformativo.info\/index.php\/wp-json\/wp\/v2\/comments?post=23893"}],"version-history":[{"count":1,"href":"https:\/\/puenteinformativo.info\/index.php\/wp-json\/wp\/v2\/posts\/23893\/revisions"}],"predecessor-version":[{"id":23895,"href":"https:\/\/puenteinformativo.info\/index.php\/wp-json\/wp\/v2\/posts\/23893\/revisions\/23895"}],"wp:featuredmedia":[{"embeddable":true,"href":"https:\/\/puenteinformativo.info\/index.php\/wp-json\/wp\/v2\/media\/23894"}],"wp:attachment":[{"href":"https:\/\/puenteinformativo.info\/index.php\/wp-json\/wp\/v2\/media?parent=23893"}],"wp:term":[{"taxonomy":"category","embeddable":true,"href":"https:\/\/puenteinformativo.info\/index.php\/wp-json\/wp\/v2\/categories?post=23893"},{"taxonomy":"post_tag","embeddable":true,"href":"https:\/\/puenteinformativo.info\/index.php\/wp-json\/wp\/v2\/tags?post=23893"}],"curies":[{"name":"wp","href":"https:\/\/api.w.org\/{rel}","templated":true}]}}