{"id":17428,"date":"2024-03-05T00:46:32","date_gmt":"2024-03-05T06:46:32","guid":{"rendered":"https:\/\/puenteinformativo.info\/?p=17428"},"modified":"2024-03-06T22:32:29","modified_gmt":"2024-03-07T04:32:29","slug":"alberto-granados-sera-candidato-a-la-alcaldia-de-matamoros","status":"publish","type":"post","link":"https:\/\/puenteinformativo.info\/index.php\/2024\/03\/05\/alberto-granados-sera-candidato-a-la-alcaldia-de-matamoros\/","title":{"rendered":"Alberto Granados ser\u00e1 candidato a la Alcald\u00eda de Matamoros"},"content":{"rendered":"\n<p>Candidato a Diputaci\u00f3n Federal impugnar\u00eda esta determinaci\u00f3n<\/p>\n\n\n\n<p>PUENTE INFORMATIVO\/Matamoros<\/p>\n\n\n\n<p>La alianza de Movimiento de Regeneraci\u00f3n Nacional (MORENA), Partido del Trabajo (PY) y el Partido Verde Ecologista de M\u00e9xico (PVEM), designaro \u00a0a Jos\u00e9 Alberto Granados Favila (Beto Granados) como el candidato a la alcald\u00eda de Matamoros<\/p>\n\n\n\n<p>Durante una reuni\u00f3n que se llev\u00f3 a cabo en el Hotel Alameda ubicado en la calle Primera y Teran, alrededor de las dos de la tarde se determinao que ser\u00eda Alberto Granados quien el abanderado de la alianza \u201cSigamos Haciendo Historia\u201d.<\/p>\n\n\n\n<p>En el lugar ya se encontraba quien ahora estar\u00e1 encabezando el proyecto para las elecciones del pr\u00f3ximo 2 de junio del a\u00f1o en curso, despu\u00e9s de esto se estar\u00eda registrando ante el Instituto Electoral de Tamaulipas (IETAM) para estar listos para la contienda local, sum\u00e1ndose a las campa\u00f1as en el mes de abril.<\/p>\n\n\n\n<p>Ser\u00e1 Morena quien estar\u00eda estableciendo el candidato a la presidencia, en este caso Jos\u00e9 Alberto Granados Favila,<\/p>\n\n\n\n<p>En el caso de las diputaciones ser\u00e1 el Partido del Trabajo (PT), quien decida las candidaturas locales, en este caso los distritos X, XI y XII, ser\u00e1 a partir del 15 de abril se sumar\u00edan a las campa\u00f1as el resto de los contendientes de los cargos a en el caso de Tamaulipas, diputaciones locales y alcald\u00edas.<\/p>\n\n\n\n<p><strong>Mario Alberto L\u00f3pez Hern\u00e1ndez, impugnar\u00e1 decisi\u00f3n del CEN de Morena para la designaci\u00f3n del candidato a la Alcald\u00eda de Matamoros<\/strong><\/p>\n\n\n\n<p>El candidato a la diputaci\u00f3n Federal por el Partido Verde Ecologista de M\u00e9xico (PVEM) Mario Alberto L\u00f3pez Hern\u00e1ndez dio a conocer su inconformidad por la decisi\u00f3n que tom\u00f3 la Comisi\u00f3n de elecciones sobre la designaci\u00f3n del candidato a la presidencia municipal de Matamoros y anunci\u00f3 que en los pr\u00f3ximos d\u00edas acudir\u00e1 ante el gobernador a explicarle que Matamoros necesita perfiles id\u00f3neos para el buen funcionamiento de la ciudad y har\u00e1 lo mismo con el delegado estatal del CEN de Morena.<\/p>\n\n\n\n<p>Durante su en\u00e9rgico discurso, el presidente municipal con licencia asegur\u00f3 que las indicaciones de la doctora Claudia Sheinbaum recaen en promover el voto por cada uno de los candidatos de la coalici\u00f3n PT-PVEM-Morena y no \u00fanicamente por aquellos emanados del partido guinda.<\/p>\n\n\n\n<p>Manifest\u00f3 que durante las campa\u00f1as, acompa\u00f1ar\u00e1 a los candidatos emanados de su partido, pero dej\u00f3 en consideraci\u00f3n de la poblaci\u00f3n el an\u00e1lisis de los candidatos a\u00fan y cuando est\u00e9n abanderados por Morena.<\/p>\n\n\n\n<p>&#8220;Que nadie venga a querer manipularlos ni enga\u00f1arlos, yo sigo siendo de Morena pero por la coalici\u00f3n me tocaron las siglas del Partido Verde. No permitiremos que nadie quiera abusar ni enga\u00f1ar al pueblo de Matamoros&#8221;, dijo.<\/p>\n","protected":false},"excerpt":{"rendered":"<p>Candidato a Diputaci\u00f3n Federal impugnar\u00eda esta determinaci\u00f3n PUENTE INFORMATIVO\/Matamoros La alianza de Movimiento de Regeneraci\u00f3n Nacional (MORENA), Partido del Trabajo (PY) y el Partido Verde Ecologista de M\u00e9xico (PVEM), designaro \u00a0a Jos\u00e9 Alberto Granados Favila (Beto Granados) como el candidato a la alcald\u00eda de Matamoros Durante una reuni\u00f3n que se llev\u00f3 a cabo en el [&hellip;]<\/p>\n","protected":false},"author":3,"featured_media":17429,"comment_status":"closed","ping_status":"closed","sticky":false,"template":"","format":"standard","meta":{"om_disable_all_campaigns":false,"_monsterinsights_skip_tracking":false,"_monsterinsights_sitenote_active":false,"_monsterinsights_sitenote_note":"","_monsterinsights_sitenote_category":0,"footnotes":""},"categories":[2],"tags":[],"aioseo_notices":[],"blog_post_layout_featured_media_urls":{"thumbnail":["https:\/\/puenteinformativo.info\/wp-content\/uploads\/2024\/03\/244276095_6935658416460214_7168471720163210932_n-e1709707581740-150x150.jpg",150,150,true],"full":["https:\/\/puenteinformativo.info\/wp-content\/uploads\/2024\/03\/244276095_6935658416460214_7168471720163210932_n-e1709707581740.jpg",692,616,false]},"categories_names":{"2":{"name":"LOCAL","link":"https:\/\/puenteinformativo.info\/index.php\/category\/local\/"}},"tags_names":[],"comments_number":"0","wpmagazine_modules_lite_featured_media_urls":{"thumbnail":["https:\/\/puenteinformativo.info\/wp-content\/uploads\/2024\/03\/244276095_6935658416460214_7168471720163210932_n-e1709707581740-150x150.jpg",150,150,true],"cvmm-medium":["https:\/\/puenteinformativo.info\/wp-content\/uploads\/2024\/03\/244276095_6935658416460214_7168471720163210932_n-e1709707581740-300x300.jpg",300,300,true],"cvmm-medium-plus":["https:\/\/puenteinformativo.info\/wp-content\/uploads\/2024\/03\/244276095_6935658416460214_7168471720163210932_n-e1709707581740-305x207.jpg",305,207,true],"cvmm-portrait":["https:\/\/puenteinformativo.info\/wp-content\/uploads\/2024\/03\/244276095_6935658416460214_7168471720163210932_n-e1709707581740-400x600.jpg",400,600,true],"cvmm-medium-square":["https:\/\/puenteinformativo.info\/wp-content\/uploads\/2024\/03\/244276095_6935658416460214_7168471720163210932_n-e1709707581740-600x600.jpg",600,600,true],"cvmm-large":["https:\/\/puenteinformativo.info\/wp-content\/uploads\/2024\/03\/244276095_6935658416460214_7168471720163210932_n-e1709707539171-693x1024.jpg",693,1024,true],"cvmm-small":["https:\/\/puenteinformativo.info\/wp-content\/uploads\/2024\/03\/244276095_6935658416460214_7168471720163210932_n-e1709707581740-130x95.jpg",130,95,true],"full":["https:\/\/puenteinformativo.info\/wp-content\/uploads\/2024\/03\/244276095_6935658416460214_7168471720163210932_n-e1709707581740.jpg",692,616,false]},"_links":{"self":[{"href":"https:\/\/puenteinformativo.info\/index.php\/wp-json\/wp\/v2\/posts\/17428"}],"collection":[{"href":"https:\/\/puenteinformativo.info\/index.php\/wp-json\/wp\/v2\/posts"}],"about":[{"href":"https:\/\/puenteinformativo.info\/index.php\/wp-json\/wp\/v2\/types\/post"}],"author":[{"embeddable":true,"href":"https:\/\/puenteinformativo.info\/index.php\/wp-json\/wp\/v2\/users\/3"}],"replies":[{"embeddable":true,"href":"https:\/\/puenteinformativo.info\/index.php\/wp-json\/wp\/v2\/comments?post=17428"}],"version-history":[{"count":2,"href":"https:\/\/puenteinformativo.info\/index.php\/wp-json\/wp\/v2\/posts\/17428\/revisions"}],"predecessor-version":[{"id":17431,"href":"https:\/\/puenteinformativo.info\/index.php\/wp-json\/wp\/v2\/posts\/17428\/revisions\/17431"}],"wp:featuredmedia":[{"embeddable":true,"href":"https:\/\/puenteinformativo.info\/index.php\/wp-json\/wp\/v2\/media\/17429"}],"wp:attachment":[{"href":"https:\/\/puenteinformativo.info\/index.php\/wp-json\/wp\/v2\/media?parent=17428"}],"wp:term":[{"taxonomy":"category","embeddable":true,"href":"https:\/\/puenteinformativo.info\/index.php\/wp-json\/wp\/v2\/categories?post=17428"},{"taxonomy":"post_tag","embeddable":true,"href":"https:\/\/puenteinformativo.info\/index.php\/wp-json\/wp\/v2\/tags?post=17428"}],"curies":[{"name":"wp","href":"https:\/\/api.w.org\/{rel}","templated":true}]}}